{"id":2431,"date":"2020-10-12T09:14:41","date_gmt":"2020-10-12T09:14:41","guid":{"rendered":"http:\/\/www.srt-partner.de\/?p=2431"},"modified":"2020-10-12T09:14:41","modified_gmt":"2020-10-12T09:14:41","slug":"kw-42-versendet-am-12-10-2020","status":"publish","type":"post","link":"https:\/\/www.srt-partner.de\/index.php\/kw-42-versendet-am-12-10-2020\/","title":{"rendered":"KW 42, versendet am 12.10.2020"},"content":{"rendered":"<p class=\"western\"><span style=\"font-family: DejaVu Sans, sans-serif\"><span style=\"font-size: small\"><b>Bergtouren in Bayern: Wandern gegen den November-Blues. <\/b><\/span><\/span><span style=\"font-family: DejaVu Sans, sans-serif\"><span style=\"font-size: small\">Der Sp\u00e4therbst z\u00e4hlt zur ruhigsten Zeit im Gebirge. Die Bergbahnen machen Revision, die meisten Berggasth\u00e4user sind geschlossen. Aber nicht alle: Diese H\u00fctten in Oberbayern bieten ein Pl\u00e4tzchen am Kamin und eine warme Suppe nach dem erfrischenden Aufstieg<\/span><\/span><\/p>\n<p class=\"western\"><span style=\"color: #000000\"><span style=\"font-family: DejaVu Sans, sans-serif\"><span style=\"font-size: small\">Von Armin Herb (6845 Zeichen \u2013 Bilder:<\/span><\/span><\/span><a href=\"http:\/\/www.srt-text.de\/\"><u> <\/u><span style=\"color: #000080\"><span lang=\"zxx\"><u><span style=\"color: #000000\"><span style=\"font-family: DejaVu Sans, sans-serif\"><span style=\"font-size: small\">www.srt-text.de<\/span><\/span><\/span><\/u><\/span><\/span><\/a><span style=\"color: #000000\"><span style=\"font-family: DejaVu Sans, sans-serif\"><span style=\"font-size: small\">)<\/span><\/span><\/span><\/p>\n<p>&nbsp;<\/p>\n<p class=\"western\"><span style=\"font-family: DejaVu Sans, sans-serif\"><span style=\"font-size: small\"><b>Reisewarnung, Risikogebiet, Reisehinweis: Wo ist der Unterschied? <\/b><\/span><\/span><span style=\"font-family: DejaVu Sans, sans-serif\"><span style=\"font-size: small\">Eine Anleitung, wie der Risiko-Wortschatz der Beh\u00f6rden bei der Wahl des Reiseziels zu interpretieren ist<\/span><\/span><\/p>\n<p class=\"western\"><span style=\"color: #000000\"><span style=\"font-family: DejaVu Sans, sans-serif\"><span style=\"font-size: small\"><i>Von Tinga Horny<\/i><\/span><\/span><\/span><span style=\"color: #000000\"><span style=\"font-family: DejaVu Sans, sans-serif\"><span style=\"font-size: small\"> (4159 Zeichen \u2013 Bilder:<\/span><\/span><\/span><a href=\"http:\/\/www.srt-text.de\/\"><u> <\/u><span style=\"color: #000080\"><span lang=\"zxx\"><u><span style=\"color: #000000\"><span style=\"font-family: DejaVu Sans, sans-serif\"><span style=\"font-size: small\">www.srt-text.de<\/span><\/span><\/span><\/u><\/span><\/span><\/a><span style=\"color: #000000\"><span style=\"font-family: DejaVu Sans, sans-serif\"><span style=\"font-size: small\">)<\/span><\/span><\/span><\/p>\n<p>&nbsp;<\/p>\n<p class=\"western\"><span style=\"font-family: DejaVu Sans, sans-serif\"><span style=\"font-size: small\"><b>Geisterfl\u00fcge in Coronazeiten: <\/b><\/span><\/span><span style=\"font-family: DejaVu Sans, sans-serif\"><span style=\"font-size: small\">Allein \u00fcber dem Ozean. Seit Monaten d\u00fcrfen Touristen aus der EU nicht in die USA einreisen und umgekehrt. Flugzeuge fliegen trotzdem. Unsere Autorin war an Bord eines dieser Geisterfl\u00fcge \u00fcber den Atlantik<\/span><\/span><\/p>\n<p class=\"western\"><span style=\"color: #000000\"><span style=\"font-family: DejaVu Sans, sans-serif\"><span style=\"font-size: small\"><i>Von Brigitte von Imhof <\/i><\/span><\/span><\/span><span style=\"color: #000000\"><span style=\"font-family: DejaVu Sans, sans-serif\"><span style=\"font-size: small\">(4539 Zeichen \u2013 Bilder:<\/span><\/span><\/span><a href=\"http:\/\/www.srt-text.de\/\"><u> <\/u><span style=\"color: #000080\"><span lang=\"zxx\"><u><span style=\"color: #000000\"><span style=\"font-family: DejaVu Sans, sans-serif\"><span style=\"font-size: small\">www.srt-text.de<\/span><\/span><\/span><\/u><\/span><\/span><\/a><span style=\"color: #000000\"><span style=\"font-family: DejaVu Sans, sans-serif\"><span style=\"font-size: small\">)<\/span><\/span><\/span><\/p>\n<p>&nbsp;<\/p>\n<p class=\"western\"><span style=\"font-family: DejaVu Sans, sans-serif\"><span style=\"font-size: small\"><b>Parklandschaften voller Ruhe: Deutschlands sch\u00f6nste Friedh\u00f6fe. <\/b><\/span><\/span><span style=\"font-family: DejaVu Sans, sans-serif\"><span style=\"font-size: small\">Herbstspaziergang mal anders: Am Reformationstag und an Allerheiligen besuchen die Menschen traditionell die Gr\u00e4ber ihrer Lieben. Doch viele deutsche Friedh\u00f6fe sind auch au\u00dferhalb der Feiertage einen Spaziergang wert<\/span><\/span><\/p>\n<p class=\"western\"><span style=\"color: #000000\"><span style=\"font-family: DejaVu Sans, sans-serif\"><span style=\"font-size: small\"><i>Von Sandra Ehegartner<\/i><\/span><\/span><\/span><b> <\/b><span style=\"color: #000000\"><span style=\"font-family: DejaVu Sans, sans-serif\"><span style=\"font-size: small\">(6480 Zeichen \u2013 Bilder:<\/span><\/span><\/span><a href=\"http:\/\/www.srt-text.de\/\"><u> <\/u><span style=\"color: #000080\"><span lang=\"zxx\"><u><span style=\"color: #000000\"><span style=\"font-family: DejaVu Sans, sans-serif\"><span style=\"font-size: small\">www.srt-text.de<\/span><\/span><\/span><\/u><\/span><\/span><\/a><span style=\"color: #000000\"><span style=\"font-family: DejaVu Sans, sans-serif\"><span style=\"font-size: small\">)<\/span><\/span><\/span><\/p>\n<p>&nbsp;<\/p>\n<p class=\"western\"><span style=\"font-family: DejaVu Sans, sans-serif\"><span style=\"font-size: small\"><b>Mit dem Kochtopf um die Welt: Rezept f\u00fcr Allerheiligenstriezel. <\/b><\/span><\/span><span style=\"font-family: DejaVu Sans, sans-serif\"><span style=\"font-size: small\">Ob als Zeichen der Dreifaltigkeit, als symbolische Grabbeigabe oder gar als Wegzehr f\u00fcr die Toten \u2013 um das geflochtene Hefegeb\u00e4ck zu Allerheiligen rankt sich so manche Geschichte<\/span><\/span><\/p>\n<p class=\"western\"><span style=\"color: #000000\"><span style=\"font-family: DejaVu Sans, sans-serif\"><span style=\"font-size: small\"><i>Von Sandra Ehegartner <\/i><\/span><\/span><\/span><span style=\"color: #000000\"><span style=\"font-family: DejaVu Sans, sans-serif\"><span style=\"font-size: small\">(1483 Zeichen \u2013 Bilder:<\/span><\/span><\/span><a href=\"http:\/\/www.srt-text.de\/\"><u> <\/u><span style=\"color: #000080\"><span lang=\"zxx\"><u><span style=\"color: #000000\"><span style=\"font-family: DejaVu Sans, sans-serif\"><span style=\"font-size: small\">www.srt-text.de<\/span><\/span><\/span><\/u><\/span><\/span><\/a><span style=\"color: #000000\"><span style=\"font-family: DejaVu Sans, sans-serif\"><span style=\"font-size: small\">)<\/span><\/span><\/span><\/p>\n<p>&nbsp;<\/p>\n<p class=\"western\"><span style=\"font-family: DejaVu Sans, sans-serif\"><span style=\"font-size: small\"><b>Indian Summer vor der Haust\u00fcr: Diese Regionen treiben es bunt. <\/b><\/span><\/span><span style=\"font-family: DejaVu Sans, sans-serif\"><span style=\"font-size: small\">Die sch\u00f6nsten Laubf\u00e4rbungen in der Schweiz, in \u00d6sterreich und in Deutschland<\/span><\/span><\/p>\n<p class=\"western\"><span style=\"color: #000000\"><span style=\"font-family: DejaVu Sans, sans-serif\"><span style=\"font-size: small\"><i>Von Monika Hoeksema <\/i><\/span><\/span><\/span><span style=\"color: #000000\"><span style=\"font-family: DejaVu Sans, sans-serif\"><span style=\"font-size: small\">(8524 Zeichen \u2013 Bilder:<\/span><\/span><\/span><a href=\"http:\/\/www.srt-text.de\/\"><u> <\/u><span style=\"color: #000080\"><span lang=\"zxx\"><u><span style=\"color: #000000\"><span style=\"font-family: DejaVu Sans, sans-serif\"><span style=\"font-size: small\">www.srt-text.de<\/span><\/span><\/span><\/u><\/span><\/span><\/a><span style=\"color: #000000\"><span style=\"font-family: DejaVu Sans, sans-serif\"><span style=\"font-size: small\">)<\/span><\/span><\/span><\/p>\n<p>&nbsp;<\/p>\n<p class=\"western\"><span style=\"font-family: DejaVu Sans, sans-serif\"><span style=\"font-size: small\"><b>Brandenburg mit Abstand: Unterwegs im Fl\u00e4ming. <\/b><\/span><\/span><span style=\"font-family: DejaVu Sans, sans-serif\"><span style=\"font-size: small\">Ein herbstlicher Ausflug von der Geburtsst\u00e4tte der Thermoskanne zur Filmkulisse f\u00fcr Hollywood-Stars<\/span><\/span><\/p>\n<p class=\"western\"><span style=\"color: #000000\"><span style=\"font-family: DejaVu Sans, sans-serif\"><span style=\"font-size: small\"><i>Von Katrin Schreiter <\/i><\/span><\/span><\/span><span style=\"color: #000000\"><span style=\"font-family: DejaVu Sans, sans-serif\"><span style=\"font-size: small\">(4222 Zeichen \u2013 Bilder:<\/span><\/span><\/span><a href=\"http:\/\/www.srt-text.de\/\"><u> <\/u><span style=\"color: #000080\"><span lang=\"zxx\"><u><span style=\"color: #000000\"><span style=\"font-family: DejaVu Sans, sans-serif\"><span style=\"font-size: small\">www.srt-text.de<\/span><\/span><\/span><\/u><\/span><\/span><\/a><span style=\"color: #000000\"><span style=\"font-family: DejaVu Sans, sans-serif\"><span style=\"font-size: small\">)<\/span><\/span><\/span><\/p>\n<p>&nbsp;<\/p>\n<p class=\"western\"><span style=\"font-family: DejaVu Sans, sans-serif\"><span style=\"font-size: small\"><b>Jubil\u00e4en 2021: Runde und unrunde Geburtstage. <\/b><\/span><\/span><span style=\"font-family: DejaVu Sans, sans-serif\"><span style=\"font-size: small\">Zahlreiche Veranstaltungen mussten 2020 wegen Corona verschoben werden \u2013 2021 gibt es nun umso mehr zu feiern<\/span><\/span><\/p>\n<p class=\"western\"><span style=\"color: #000000\"><span style=\"font-family: DejaVu Sans, sans-serif\"><span style=\"font-size: small\"><i>Von Sibylle v. Kamptz <\/i><\/span><\/span><\/span><span style=\"color: #000000\"><span style=\"font-family: DejaVu Sans, sans-serif\"><span style=\"font-size: small\">(6074 Zeichen \u2013 Bilder:<\/span><\/span><\/span><a href=\"http:\/\/www.srt-text.de\/\"><u> <\/u><span style=\"color: #000080\"><span lang=\"zxx\"><u><span style=\"color: #000000\"><span style=\"font-family: DejaVu Sans, sans-serif\"><span style=\"font-size: small\">www.srt-text.de<\/span><\/span><\/span><\/u><\/span><\/span><\/a><span style=\"color: #000000\"><span style=\"font-family: DejaVu Sans, sans-serif\"><span style=\"font-size: small\">)<\/span><\/span><\/span><\/p>\n<p>&nbsp;<\/p>\n<p class=\"western\"><span style=\"font-family: DejaVu Sans, sans-serif\"><span style=\"font-size: small\"><b>Madeira: Die G\u00e4rten der Blumeninsel. <\/b><\/span><\/span><span style=\"font-family: DejaVu Sans, sans-serif\"><span style=\"font-size: small\">Ganzj\u00e4hrig fr\u00fchlingshafte Temperaturen und eine \u00fcppige Vegetation machen Madeira zum bevorzugten Winterziel. Dieses Jahr kommt ein weiterer Vorteil dazu: Die Atlantikinsel bliebdank g\u00fcnstigen Infektionsverlaufs bislang von Reisewarnungen verschont<\/span><\/span><\/p>\n<p class=\"western\"><span style=\"color: #000000\"><span style=\"font-family: DejaVu Sans, sans-serif\"><span style=\"font-size: small\"><i>Von Oliver Gerhard<\/i><\/span><\/span><\/span><span style=\"color: #000000\"><span style=\"font-family: DejaVu Sans, sans-serif\"><span style=\"font-size: small\"> (4692 Zeichen \u2013 Bilder:<\/span><\/span><\/span><a href=\"http:\/\/www.srt-text.de\/\"><u> <\/u><span style=\"color: #000080\"><span lang=\"zxx\"><u><span style=\"color: #000000\"><span style=\"font-family: DejaVu Sans, sans-serif\"><span style=\"font-size: small\">www.srt-text.de<\/span><\/span><\/span><\/u><\/span><\/span><\/a><span style=\"color: #000000\"><span style=\"font-family: DejaVu Sans, sans-serif\"><span style=\"font-size: small\">)<\/span><\/span><\/span><\/p>\n<p>&nbsp;<\/p>\n<p class=\"western\"><span style=\"font-family: DejaVu Sans, sans-serif\"><span style=\"font-size: small\"><b>Urlaub im Schnee: Lodge statt Luxushotel. <\/b><\/span><\/span><span style=\"font-family: DejaVu Sans, sans-serif\"><span style=\"font-size: small\">In Lodges wird der Winterurlaub zur Privatsache, deshalb sind sie diesen Winter begehrt. Hier sind f\u00fcnf Tipps f\u00fcr (fast) jeden Geldbeutel<\/span><\/span><\/p>\n<p class=\"western\"><span style=\"color: #000000\"><span style=\"font-family: DejaVu Sans, sans-serif\"><span style=\"font-size: small\"><i>Von Sabine Metzger<\/i><\/span><\/span><\/span><span style=\"color: #000000\"><span style=\"font-family: DejaVu Sans, sans-serif\"><span style=\"font-size: small\"> (5481 Zeichen \u2013 Bilder:<\/span><\/span><\/span><a href=\"http:\/\/www.srt-text.de\/\"><u> <\/u><span style=\"color: #000080\"><span lang=\"zxx\"><u><span style=\"color: #000000\"><span style=\"font-family: DejaVu Sans, sans-serif\"><span style=\"font-size: small\">www.srt-text.de<\/span><\/span><\/span><\/u><\/span><\/span><\/a><span style=\"color: #000000\"><span style=\"font-family: DejaVu Sans, sans-serif\"><span style=\"font-size: small\">)<\/span><\/span><\/span><\/p>\n<p>&nbsp;<\/p>\n<p class=\"western\"><span style=\"font-family: DejaVu Sans, sans-serif\"><span style=\"font-size: small\"><b>Immer mehr gebuchte Verbindungen werden storniert: Flug gestrichen \u2013 was tun? <\/b><\/span><\/span><span style=\"font-family: DejaVu Sans, sans-serif\"><span style=\"font-size: small\">Chaostage am Himmel: Flugg\u00e4ste m\u00fcssen Streichkonzert der Fluggesellschaften ausbaden \u2013 Verbraucherzentralen raten, sich nichts gefallen zu lassen<\/span><\/span><\/p>\n<p class=\"western\"><span style=\"color: #000000\"><span style=\"font-family: DejaVu Sans, sans-serif\"><span style=\"font-size: small\"><i>Von Hans-Werner Rodrian<\/i><\/span><\/span><\/span><span style=\"color: #000000\"><span style=\"font-family: DejaVu Sans, sans-serif\"><span style=\"font-size: small\"> (4107 Zeichen \u2013 Bilder:<\/span><\/span><\/span><a href=\"http:\/\/www.srt-text.de\/\"><u> <\/u><span style=\"color: #000080\"><span lang=\"zxx\"><u><span style=\"color: #000000\"><span style=\"font-family: DejaVu Sans, sans-serif\"><span style=\"font-size: small\">www.srt-text.de<\/span><\/span><\/span><\/u><\/span><\/span><\/a><span style=\"color: #000000\"><span style=\"font-family: DejaVu Sans, sans-serif\"><span style=\"font-size: small\">)<\/span><\/span><\/span><\/p>\n<p>&nbsp;<\/p>\n<p class=\"western\"><span style=\"font-family: DejaVu Sans, sans-serif\"><span style=\"font-size: small\"><b>F\u00fcr Spazierg\u00e4nge und zum Shoppingbummel: Sch\u00f6ne St\u00e4dte in der zweiten Reihe. <\/b><\/span><\/span><span style=\"font-family: DejaVu Sans, sans-serif\"><span style=\"font-size: small\">Die gro\u00dfen Metropolen Europas sind momentan Corona-Risikogebiete. Auf St\u00e4dtereisen m\u00fcssen Urlauber trotzdem nicht verzichten: Wir empfehlen sieben weniger betroffene Ziele<\/span><\/span><\/p>\n<p class=\"western\"><span style=\"color: #000000\"><span style=\"font-family: DejaVu Sans, sans-serif\"><span style=\"font-size: small\"><i>Von Susanne Freitag<\/i><\/span><\/span><\/span><span style=\"color: #000000\"><span style=\"font-family: DejaVu Sans, sans-serif\"><span style=\"font-size: small\"> (6095 Zeichen \u2013 Bilder:<\/span><\/span><\/span><a href=\"http:\/\/www.srt-text.de\/\"><u> <\/u><span style=\"color: #000080\"><span lang=\"zxx\"><u><span style=\"color: #000000\"><span style=\"font-family: DejaVu Sans, sans-serif\"><span style=\"font-size: small\">www.srt-text.de<\/span><\/span><\/span><\/u><\/span><\/span><\/a><span style=\"color: #000000\"><span style=\"font-family: DejaVu Sans, sans-serif\"><span style=\"font-size: small\">)<\/span><\/span><\/span><\/p>\n<p>&nbsp;<\/p>\n<p class=\"western\"><span style=\"font-family: DejaVu Sans, sans-serif\"><span style=\"font-size: small\"><b>Rheingau: Altweibersommer am \u201eFreistaat Flaschenhals\u201c . <\/b><\/span><\/span><span style=\"font-family: DejaVu Sans, sans-serif\"><span style=\"font-size: small\">Romantische St\u00e4dtchen schmiegen sich im Rheingau an Weinberge. \u00dcber waldbedeckten H\u00fcgeln wachen trutzige Burgen<\/span><\/span><\/p>\n<p class=\"western\"><span style=\"color: #000000\"><span style=\"font-family: DejaVu Sans, sans-serif\"><span style=\"font-size: small\"><i>Von Gerd Krauskopf <\/i><\/span><\/span><\/span><span style=\"color: #000000\"><span style=\"font-family: DejaVu Sans, sans-serif\"><span style=\"font-size: small\">(5221 Zeichen \u2013 Bilder:<\/span><\/span><\/span><u> <\/u><span style=\"color: #000080\"><span lang=\"zxx\"><u><a href=\"http:\/\/www.srt-text.de\/\"><span style=\"color: #000000\"><span style=\"font-family: DejaVu Sans, sans-serif\"><span style=\"font-size: small\">www.srt-text.de<\/span><\/span><\/span><\/a><\/u><\/span><\/span><span style=\"color: #000000\"><span style=\"font-family: DejaVu Sans, sans-serif\"><span style=\"font-size: small\">)<\/span><\/span><\/span><\/p>\n<p>&nbsp;<\/p>\n<p class=\"western\"><span style=\"font-family: DejaVu Sans, sans-serif\"><span style=\"font-size: small\"><b>Mit dem Kochtopf um die Welt: Rezept f\u00fcr Zwiebelkuchen. <\/b><\/span><\/span><span style=\"font-family: DejaVu Sans, sans-serif\"><span style=\"font-size: small\">Lauwarm und goldbraun soll der Zwibbelkuche sein und <\/span><\/span><span style=\"font-family: DejaVu Sans, sans-serif\"><span style=\"font-size: small\">\u2013<\/span><\/span><span style=\"font-family: DejaVu Sans, sans-serif\"><span style=\"font-size: small\"> anders als seine els\u00e4ssische Schwester, die Quiche \u2013 mit einer Hefeteigbasis. So oder so ist der Zwiebelkuchen der ideale Begleiter zum Federwei\u00dfen<\/span><\/span><\/p>\n<p class=\"western\"><span style=\"color: #000000\"><span style=\"font-family: DejaVu Sans, sans-serif\"><span style=\"font-size: small\"><i>Von Sandra Ehegartner<\/i><\/span><\/span><\/span><span style=\"color: #000000\"><span style=\"font-family: DejaVu Sans, sans-serif\"><span style=\"font-size: small\"> (1266 Zeichen \u2013 Bilder:<\/span><\/span><\/span><u> <\/u><span style=\"color: #000080\"><span lang=\"zxx\"><u><a href=\"http:\/\/www.srt-text.de\/\"><span style=\"color: #000000\"><span style=\"font-family: DejaVu Sans, sans-serif\"><span style=\"font-size: small\">www.srt-text.de<\/span><\/span><\/span><\/a><\/u><\/span><\/span><span style=\"color: #000000\"><span style=\"font-family: DejaVu Sans, sans-serif\"><span style=\"font-size: small\">)<\/span><\/span><\/span><\/p>\n<p class=\"western\" align=\"center\"><span style=\"font-family: DejaVu Sans, sans-serif\"><span style=\"font-size: small\"><b>KURZ GEMELDET<\/b><\/span><\/span><\/p>\n<p class=\"western\"><span style=\"font-family: DejaVu Sans, sans-serif\"><span style=\"font-size: small\">Luftfahrt: Dinner im Airbus 380<\/span><\/span><\/p>\n<p class=\"western\"><span style=\"font-family: DejaVu Sans, sans-serif\"><span style=\"font-size: small\">USA: Washington Monument wieder offen<\/span><\/span><\/p>\n<p class=\"western\"><span style=\"font-family: DejaVu Sans, sans-serif\"><span style=\"font-size: small\">Japan: Hotel im Fernsehturm<\/span><\/span><\/p>\n<p class=\"western\"><span style=\"font-family: DejaVu Sans, sans-serif\"><span style=\"font-size: small\">Thailand: Skywalk \u00fcber dem Mekong<\/span><\/span><\/p>\n<p class=\"western\"><span style=\"font-family: DejaVu Sans, sans-serif\"><span style=\"font-size: small\">T\u00fcbingen: Schokoladenfest \u2013 mit Abstand<\/span><\/span><\/p>\n<p class=\"western\"><span style=\"font-family: DejaVu Sans, sans-serif\"><span style=\"font-size: small\">Mallorca: Richard Branson baut Luxushotel<\/span><\/span><\/p>\n<p class=\"western\"><span style=\"font-family: DejaVu Sans, sans-serif\"><span style=\"font-size: small\">Bad Feilnbach: Co-Working im ehemaligen Kino<\/span><\/span><\/p>\n<p class=\"western\"><span style=\"font-family: DejaVu Sans, sans-serif\"><span style=\"font-size: small\">Studiosus: Umfassend klimaneutral<\/span><\/span><\/p>\n<p class=\"western\"><span style=\"font-family: DejaVu Sans, sans-serif\"><span style=\"font-size: small\">Corona: \u201eTest and fly\u201c am M\u00fcnchner Flughafen<\/span><\/span><\/p>\n<p class=\"western\"><span style=\"font-family: DejaVu Sans, sans-serif\"><span style=\"font-size: small\">Freizeitparks: Nachweislich ein teurer Spa\u00df<\/span><\/span><\/p>\n<p class=\"western\" align=\"center\"><span style=\"font-family: DejaVu Sans, sans-serif\"><span style=\"font-size: small\"><b>BUCHBESPRECHUNG<\/b><\/span><\/span><\/p>\n<p class=\"western\" align=\"left\"><span style=\"font-family: DejaVu Sans, sans-serif\"><span style=\"font-size: small\"><br \/>\n<\/span><\/span><span style=\"font-family: DejaVu Sans, sans-serif\"><span style=\"font-size: small\"><b>Schweizer Spezialit\u00e4ten. <\/b><\/span><\/span><span style=\"font-family: DejaVu Sans, sans-serif\"><span style=\"font-size: small\">Das Buch \u201eWo die Schweiz am sch\u00f6nsten ist\u201c versammelt 1000 Ausflugsziele f\u00fcrs ganze Jahr und gibt Tipps f\u00fcr Freizeitaktivit\u00e4ten und Erlebnisse f\u00fcr die ganze Familie<\/span><\/span><\/p>\n<p class=\"western\"><span style=\"color: #000000\"><span style=\"font-family: DejaVu Sans, sans-serif\"><span style=\"font-size: small\"><i>Von Simone F. Lucas<\/i><\/span><\/span><\/span><span style=\"color: #000000\"><span style=\"font-family: DejaVu Sans, sans-serif\"><span style=\"font-size: small\"> (1955 Zeichen \u2013 Buchcover:<\/span><\/span><\/span><span style=\"color: #000080\"><span lang=\"zxx\"><u><a href=\"http:\/\/www.srt-text.de\/\"><span style=\"color: #000000\"><span style=\"font-family: DejaVu Sans, sans-serif\"><span style=\"font-size: small\"> www.srt-text.de<\/span><\/span><\/span><\/a><\/u><\/span><\/span><span style=\"color: #000000\"><span style=\"font-family: DejaVu Sans, sans-serif\"><span style=\"font-size: small\">)<\/span><\/span><\/span><\/p>\n<p class=\"western\"><span style=\"font-family: DejaVu Sans, sans-serif\"><span style=\"font-size: small\"><b><br \/>\n<\/b><\/span><\/span><span style=\"font-family: DejaVu Sans, sans-serif\"><span style=\"font-size: small\">Text- und Bildredaktion dieser Woche: Hans-Werner Rodrian, Co-Redakteur: Christian Haas<\/span><\/span><\/p>\n","protected":false},"excerpt":{"rendered":"<p>Bergtouren in Bayern: Wandern gegen den November-Blues. Der Sp\u00e4therbst z\u00e4hlt zur ruhigsten Zeit im Gebirge. Die Bergbahnen machen Revision, die meisten Berggasth\u00e4user sind geschlossen. Aber nicht alle: Diese H\u00fctten in Oberbayern bieten ein Pl\u00e4tzchen am Kamin und eine warme Suppe nach dem erfrischenden Aufstieg Von Armin Herb (6845 Zeichen \u2013<a href=\"https:\/\/www.srt-partner.de\/index.php\/kw-42-versendet-am-12-10-2020\/\" class=\"read-more\">Read More&#8230;<\/a><\/p>\n","protected":false},"author":7,"featured_media":0,"comment_status":"closed","ping_status":"closed","sticky":false,"template":"","format":"standard","meta":{"footnotes":""},"categories":[12],"tags":[],"class_list":["post-2431","post","type-post","status-publish","format-standard","hentry","category-texte"],"aioseo_notices":[],"_links":{"self":[{"href":"https:\/\/www.srt-partner.de\/index.php\/wp-json\/wp\/v2\/posts\/2431","targetHints":{"allow":["GET"]}}],"collection":[{"href":"https:\/\/www.srt-partner.de\/index.php\/wp-json\/wp\/v2\/posts"}],"about":[{"href":"https:\/\/www.srt-partner.de\/index.php\/wp-json\/wp\/v2\/types\/post"}],"author":[{"embeddable":true,"href":"https:\/\/www.srt-partner.de\/index.php\/wp-json\/wp\/v2\/users\/7"}],"replies":[{"embeddable":true,"href":"https:\/\/www.srt-partner.de\/index.php\/wp-json\/wp\/v2\/comments?post=2431"}],"version-history":[{"count":1,"href":"https:\/\/www.srt-partner.de\/index.php\/wp-json\/wp\/v2\/posts\/2431\/revisions"}],"predecessor-version":[{"id":2432,"href":"https:\/\/www.srt-partner.de\/index.php\/wp-json\/wp\/v2\/posts\/2431\/revisions\/2432"}],"wp:attachment":[{"href":"https:\/\/www.srt-partner.de\/index.php\/wp-json\/wp\/v2\/media?parent=2431"}],"wp:term":[{"taxonomy":"category","embeddable":true,"href":"https:\/\/www.srt-partner.de\/index.php\/wp-json\/wp\/v2\/categories?post=2431"},{"taxonomy":"post_tag","embeddable":true,"href":"https:\/\/www.srt-partner.de\/index.php\/wp-json\/wp\/v2\/tags?post=2431"}],"curies":[{"name":"wp","href":"https:\/\/api.w.org\/{rel}","templated":true}]}}