{"id":2520,"date":"2020-11-23T11:24:06","date_gmt":"2020-11-23T11:24:06","guid":{"rendered":"http:\/\/www.srt-partner.de\/?p=2520"},"modified":"2020-11-23T11:24:06","modified_gmt":"2020-11-23T11:24:06","slug":"kw-47-versendet-am-16-11-2020","status":"publish","type":"post","link":"https:\/\/www.srt-partner.de\/index.php\/kw-47-versendet-am-16-11-2020\/","title":{"rendered":"KW 47, versendet am 16.11.2020"},"content":{"rendered":"<p class=\"western\"><span style=\"color: #000000\"><span style=\"font-family: DejaVu Sans, sans-serif\"><span style=\"font-size: small\"><b>Weihnachts- und Silvesterreisen: Trotz allem \u2013 Reiseknaller zum Jahresende. <\/b><\/span><\/span><\/span><span style=\"color: #000000\"><span style=\"font-family: DejaVu Sans, sans-serif\"><span style=\"font-size: small\">Viele Menschen verbringen die Feiertage gerne fern des heimatlichen Gabentischs. F\u00fcr sie haben die Veranstalter trotz Corona wieder ein wahres Feuerwerk an Reisen aufgelegt. Wegen der Krise gibt es dieses Jahr noch viele freie Kapazit\u00e4ten<\/span><\/span><\/span><\/p>\n<p class=\"western\"><span style=\"color: #000000\"><span style=\"font-family: DejaVu Sans, sans-serif\"><span style=\"font-size: small\"><i>Von Hans-Werner Rodrian <\/i><\/span><\/span><\/span><span style=\"color: #000000\"><span style=\"font-family: DejaVu Sans, sans-serif\"><span style=\"font-size: small\">(5706 Zeichen \u2013 Bilder: www.srt-text.de)<\/span><\/span><\/span><\/p>\n<p>&nbsp;<\/p>\n<p class=\"western\"><span style=\"color: #000000\"><span style=\"font-family: DejaVu Sans, sans-serif\"><span style=\"font-size: small\"><b>Abstand halten im Advent: Weihnachtsstimmung trotz Corona.<\/b><\/span><\/span><\/span> <span style=\"color: #000000\"><span style=\"font-family: DejaVu Sans, sans-serif\"><span style=\"font-size: small\">Wie so vieles k\u00f6nnen auch die traditionellen Weihnachtsm\u00e4rkte pandemiebedingt nicht wie gewohnt stattfinden. Doch in einigen St\u00e4dten sind alternative Konzepte geplant, damit trotz allem ein wenig Weihnachtsstimmung aufkommt<\/span><\/span><\/span><\/p>\n<p class=\"western\"><span style=\"color: #000000\"><span style=\"font-family: DejaVu Sans, sans-serif\"><span style=\"font-size: small\"><i>Von Sibylle v. Kamptz <\/i><\/span><\/span><\/span><span style=\"color: #000000\"><span style=\"font-family: DejaVu Sans, sans-serif\"><span style=\"font-size: small\">(5336 Zeichen \u2013 Bilder: www.srt-text.de)<\/span><\/span><\/span><\/p>\n<p>&nbsp;<\/p>\n<p class=\"western\"><span style=\"color: #000000\"><span style=\"font-family: DejaVu Sans, sans-serif\"><span style=\"font-size: small\"><b>Gran Canaria: Berge in Wei\u00df und Rosa.<\/b><\/span><\/span><\/span> <span style=\"color: #000000\"><span style=\"font-family: DejaVu Sans, sans-serif\"><span style=\"font-size: small\"><b>F\u00fcr die Kanarischen Inseln wurde die Reisewarnung aufgehoben!<\/b><\/span><\/span><\/span><span style=\"color: #000000\"><span style=\"font-family: DejaVu Sans, sans-serif\"><span style=\"font-size: small\"> In den Bergen Gran Canarias muss sich keiner Sorgen um die Einhaltung des Mindestabstands machen. Hier steht die Natur im Mittelpunkt. In voller Pracht zeigt sie sich zur Mandelbl\u00fcte im Januar. Mit Rezept f\u00fcr Puchero Canario<\/span><\/span><\/span><\/p>\n<p class=\"western\"><span style=\"color: #000000\"><span style=\"font-family: DejaVu Sans, sans-serif\"><span style=\"font-size: small\"><i>Von Armin Herb<\/i><\/span><\/span><\/span> <span style=\"color: #000000\"><span style=\"font-family: DejaVu Sans, sans-serif\"><span style=\"font-size: small\">(4637 Zeichen \u2013 Bilder: www.srt-text.de)<\/span><\/span><\/span><\/p>\n<p>&nbsp;<\/p>\n<p class=\"western\"><span style=\"color: #000000\"><span style=\"font-family: DejaVu Sans, sans-serif\"><span style=\"font-size: small\"><b>Auszeit vom Covid-19-Blues: Wandern auf La Gomera. Auf die Kanaren darf man wieder reisen.<\/b><\/span><\/span><\/span> <span style=\"color: #000000\"><span style=\"font-family: DejaVu Sans, sans-serif\"><span style=\"font-size: small\">So l\u00e4sst sich auf La Gomera bei milden Temperaturen die Wandersaison verl\u00e4ngern. Wem daf\u00fcr die richtige Reisebegleitung fehlt, der kann sich einer Gruppe Alleinreisender anschlie\u00dfen. Mit Rezept f\u00fcr Puchero Canario<\/span><\/span><\/span><\/p>\n<p class=\"western\"><span style=\"color: #000000\"><span style=\"font-family: DejaVu Sans, sans-serif\"><span style=\"font-size: small\"><i>Von Sabine Metzger <\/i><\/span><\/span><\/span><span style=\"color: #000000\"><span style=\"font-family: DejaVu Sans, sans-serif\"><span style=\"font-size: small\">(6682 Zeichen \u2013 Bilder: www.srt-text.de)<\/span><\/span><\/span><\/p>\n<p>&nbsp;<\/p>\n<p class=\"western\"><span style=\"color: #000000\"><span style=\"font-family: DejaVu Sans, sans-serif\"><span style=\"font-size: small\"><b>Teneriffa: Mit dem Bike zum K\u00f6nig des Atlantiks. <\/b><\/span><\/span><\/span><span style=\"color: #000000\"><span style=\"font-family: DejaVu Sans, sans-serif\"><span style=\"font-size: small\">Reif f\u00fcr die Insel? F\u00fcr Teneriffa wurde Ende Oktober die <\/span><\/span><\/span><span style=\"color: #000000\"><span style=\"font-family: DejaVu Sans, sans-serif\"><span style=\"font-size: small\">Reisewarnung aufgehoben<\/span><\/span><\/span> <span style=\"color: #000000\"><span style=\"font-family: DejaVu Sans, sans-serif\"><span style=\"font-size: small\">und es heben wieder Flieger zu dem perfekten Winterrevier f\u00fcr Mountainbiker ab Mit Rezept f\u00fcr Puchero Canario<\/span><\/span><\/span><\/p>\n<p class=\"western\"><span style=\"color: #000000\"><span style=\"font-family: DejaVu Sans, sans-serif\"><span style=\"font-size: small\"><i>Von Norbert Eisele-Hein<\/i><\/span><\/span><\/span> <span style=\"color: #000000\"><span style=\"font-family: DejaVu Sans, sans-serif\"><span style=\"font-size: small\">(5243 Zeichen \u2013 Bilder: www.srt-text.de)<\/span><\/span><\/span><\/p>\n<p>&nbsp;<\/p>\n<p class=\"western\"><span style=\"color: #000000\"><span style=\"font-family: DejaVu Sans, sans-serif\"><span style=\"font-size: small\"><b>Mit dem Kochtopf um die Welt:<\/b><\/span><\/span><\/span> <span style=\"color: #000000\"><span style=\"font-family: DejaVu Sans, sans-serif\"><span style=\"font-size: small\"><b>Rezept f\u00fcr Puchero Canario (Kanarischer Eintopf). <\/b><\/span><\/span><\/span><span style=\"color: #000000\"><span style=\"font-family: DejaVu Sans, sans-serif\"><span style=\"font-size: small\">Bei den Kanarischen Inseln nur an leichte Meeresk\u00fcche zu denken, w\u00e4re wirklich schade. Immer eine Kostprobe wert ist der bunte Puchero Canario, der auch an k\u00fchleren Tagen schmeckt<\/span><\/span><\/span><\/p>\n<p class=\"western\"><span style=\"color: #000000\"><span style=\"font-family: DejaVu Sans, sans-serif\"><span style=\"font-size: small\"><i>Von Sandra Ehegartner <\/i><\/span><\/span><\/span><span style=\"color: #000000\"><span style=\"font-family: DejaVu Sans, sans-serif\"><span style=\"font-size: small\">(1693 Zeichen \u2013 Bilder: www.srt-text.de)<\/span><\/span><\/span><\/p>\n<p>&nbsp;<\/p>\n<p class=\"western\"><span style=\"color: #000000\"><span style=\"font-family: DejaVu Sans, sans-serif\"><span style=\"font-size: small\"><b>Keimschleudern auf Reisen: Vorsicht bei Sitzpl\u00e4tzen und Touchscreens. <\/b><\/span><\/span><\/span><span style=\"color: #000000\"><span style=\"font-family: DejaVu Sans, sans-serif\"><span style=\"font-size: small\">Bakterien und Viren geh\u00f6ren zum Leben, vor allem an Orten mit vielen Menschen. Reisende waren also schon lange vor Covid-19 einem gr\u00f6\u00dferen Risiko ausgesetzt als Stubenhocker<\/span><\/span><\/span><\/p>\n<p class=\"western\"><span style=\"color: #000000\"><span style=\"font-family: DejaVu Sans, sans-serif\"><span style=\"font-size: small\"><i>Von Tinga Horny<\/i><\/span><\/span><\/span> <span style=\"color: #000000\"><span style=\"font-family: DejaVu Sans, sans-serif\"><span style=\"font-size: small\">(4755 Zeichen \u2013 Bilder: www.srt-text.de)<\/span><\/span><\/span><\/p>\n<p>&nbsp;<\/p>\n<p class=\"western\"><span style=\"color: #000000\"><span style=\"font-family: DejaVu Sans, sans-serif\"><span style=\"font-size: small\"><b>Leipzigs stille Oase: Steinerne Geschichte, der kein Virus etwas anhaben kann.<\/b><\/span><\/span><\/span> <span style=\"color: #000000\"><span style=\"font-family: DejaVu Sans, sans-serif\"><span style=\"font-size: small\">Ein Spaziergang \u00fcber den Leipziger S\u00fcdfriedhof ist besinnlich, lehrreich und spannend zugleich<\/span><\/span><\/span><\/p>\n<p class=\"western\"><span style=\"color: #000000\"><span style=\"font-family: DejaVu Sans, sans-serif\"><span style=\"font-size: small\"><i>Von Katrin Schreiter <\/i><\/span><\/span><\/span><span style=\"color: #000000\"><span style=\"font-family: DejaVu Sans, sans-serif\"><span style=\"font-size: small\">(4435 Zeichen \u2013 Bilder: www.srt-text.de)<\/span><\/span><\/span><\/p>\n<p>&nbsp;<\/p>\n<p class=\"western\"><span style=\"color: #000000\"><span style=\"font-family: DejaVu Sans, sans-serif\"><span style=\"font-size: small\"><b>Namibia \u00f6ffnet sich: Pirsch mit dem Buschmann. Reisewarnung aufgehoben!<\/b><\/span><\/span><\/span><b> <\/b><span style=\"color: #000000\"><span style=\"font-family: DejaVu Sans, sans-serif\"><span style=\"font-size: small\">Die Ju\/&#8217;hoansi im Nordosten Namibias geh\u00f6ren zu den wenigen San-Gruppen, die noch weitgehend traditionell leben. Was wir von ihnen gerade in Zeiten der Corona-Pandemie lernen k\u00f6nnen<\/span><\/span><\/span><\/p>\n<p class=\"western\"><span style=\"color: #000000\"><span style=\"font-family: DejaVu Sans, sans-serif\"><span style=\"font-size: small\"><i>Von Fabian von Poser <\/i><\/span><\/span><\/span><span style=\"color: #000000\"><span style=\"font-family: DejaVu Sans, sans-serif\"><span style=\"font-size: small\">(6346 Zeichen \u2013 Bilder: www.srt-text.de)<\/span><\/span><\/span><\/p>\n<p>&nbsp;<\/p>\n<p class=\"western\"><span style=\"color: #000000\"><span style=\"font-family: DejaVu Sans, sans-serif\"><span style=\"font-size: small\"><b>Pistenspa\u00df trotz Pandemie? Skiurlaub h\u00e4ngt am seidenen Faden.<\/b><\/span><\/span><\/span> <span style=\"color: #000000\"><span style=\"font-family: DejaVu Sans, sans-serif\"><span style=\"font-size: small\">Werden Skigebiete und Hotels bald \u00fcberall wieder \u00f6ffnen d\u00fcrfen? Hygienekonzepte haben sie f\u00fcr den Covid-Winter 2020\/21 parat. Trotzdem bleibt sehr fraglich, ob und wann Skifahren in diesem Winter m\u00f6glich ist<\/span><\/span><\/span><\/p>\n<p class=\"western\"><span style=\"color: #000000\"><span style=\"font-family: DejaVu Sans, sans-serif\"><span style=\"font-size: small\"><i>Von Christoph Schrahe <\/i><\/span><\/span><\/span><span style=\"color: #000000\"><span style=\"font-family: DejaVu Sans, sans-serif\"><span style=\"font-size: small\">(6495 Zeichen \u2013 Bilder: <\/span><\/span><\/span><span style=\"color: #000080\"><span lang=\"zxx\"><u><a href=\"http:\/\/www.srt-text.de\/\"><span style=\"color: #000000\"><span style=\"font-family: DejaVu Sans, sans-serif\"><span style=\"font-size: small\">www.srt-text.de<\/span><\/span><\/span><\/a><\/u><\/span><\/span><span style=\"color: #000000\"><span style=\"font-family: DejaVu Sans, sans-serif\"><span style=\"font-size: small\">)<\/span><\/span><\/span><\/p>\n<p class=\"western\" align=\"center\"><span style=\"font-family: DejaVu Sans, sans-serif\"><span style=\"font-size: small\"><b>KURZ GEMELDET<\/b><\/span><\/span><\/p>\n<p class=\"western\"><span style=\"font-family: DejaVu Sans, sans-serif\"><span style=\"font-size: small\">Oberhausen: Gef\u00e4hrdete Natur im Gasometer<\/span><\/span><\/p>\n<p class=\"western\"><span style=\"font-family: DejaVu Sans, sans-serif\"><span style=\"font-size: small\">Algarve: Zum siebten Mal Europas beste Strand-Destination<\/span><\/span><\/p>\n<p class=\"western\"><span style=\"font-family: DejaVu Sans, sans-serif\"><span style=\"font-size: small\">Neuer EuroCity-Express: In vier Stunden von M\u00fcnchen nach Z\u00fcrich<\/span><\/span><\/p>\n<p class=\"western\"><span style=\"font-family: DejaVu Sans, sans-serif\"><span style=\"font-size: small\">Golfreisen: Hannoveraner Veranstalter ausgezeichnet<\/span><\/span><\/p>\n<p class=\"western\"><span style=\"font-family: DejaVu Sans, sans-serif\"><span style=\"font-size: small\">Carezza Dolomites: Neue Kabinenbahn f\u00fchrt in Laurins Reich<\/span><\/span><\/p>\n<p class=\"western\"><span style=\"font-family: DejaVu Sans, sans-serif\"><span style=\"font-size: small\">Karibik: Biosph\u00e4renreservat auf Tobago<\/span><\/span><\/p>\n<p class=\"western\"><span style=\"font-family: DejaVu Sans, sans-serif\"><span style=\"font-size: small\">Wattenmeer: Natursch\u00fctzer gegen Kreuzfahrten<\/span><\/span><\/p>\n<p class=\"western\"><span style=\"font-family: DejaVu Sans, sans-serif\"><span style=\"font-size: small\">Flughafen M\u00fcnchen: Europas einziger 5-Stars-Airport<\/span><\/span><\/p>\n<p class=\"western\"><span style=\"font-family: DejaVu Sans, sans-serif\"><span style=\"font-size: small\">Saudi-Arabien: Die teuersten Geb\u00e4ude der Welt <\/span><\/span><\/p>\n<p class=\"western\" align=\"center\"><span style=\"font-family: DejaVu Sans, sans-serif\"><span style=\"font-size: small\"><b>BUCHBESPRECHUNG<\/b><\/span><\/span><\/p>\n<p class=\"western\"><span style=\"color: #000000\"><span style=\"font-family: DejaVu Sans, sans-serif\"><span style=\"font-size: small\"><b>Zeitreise in eine l\u00e4ngst vergessene Welt. <\/b><\/span><\/span><\/span><span style=\"color: #000000\"><span style=\"font-family: DejaVu Sans, sans-serif\"><span style=\"font-size: small\">Der FAZ-Korrespondent Christoph Hein erz\u00e4hlt in dem Bildband \u201eAustralien 1872\u201c, wie ein Deutscher sein Gl\u00fcck fand und Fotogeschichte schrieb<\/span><\/span><\/span><\/p>\n<p class=\"western\"><span style=\"color: #000000\"><span style=\"font-family: DejaVu Sans, sans-serif\"><span style=\"font-size: small\"><i>Von Simone F. Lucas<\/i><\/span><\/span><\/span><span style=\"color: #000000\"><span style=\"font-family: DejaVu Sans, sans-serif\"><span style=\"font-size: small\"> (2426 Zeichen \u2013 Bilder: www.srt-text.de)<\/span><\/span><\/span><\/p>\n<p class=\"western\"><span style=\"color: #000000\"><span style=\"font-family: DejaVu Sans, sans-serif\"><span style=\"font-size: small\"><br \/>\n<\/span><\/span><\/span><span style=\"color: #000000\"><span style=\"font-family: DejaVu Sans, sans-serif\"><span style=\"font-size: small\"><i>Textredakteur dieser Woche war Rudi Stallein, Co-Redakteur und Bildredakteur war Rainer Krause<\/i><\/span><\/span><\/span><\/p>\n","protected":false},"excerpt":{"rendered":"<p>Weihnachts- und Silvesterreisen: Trotz allem \u2013 Reiseknaller zum Jahresende. Viele Menschen verbringen die Feiertage gerne fern des heimatlichen Gabentischs. F\u00fcr sie haben die Veranstalter trotz Corona wieder ein wahres Feuerwerk an Reisen aufgelegt. Wegen der Krise gibt es dieses Jahr noch viele freie Kapazit\u00e4ten Von Hans-Werner Rodrian (5706 Zeichen \u2013<a href=\"https:\/\/www.srt-partner.de\/index.php\/kw-47-versendet-am-16-11-2020\/\" class=\"read-more\">Read More&#8230;<\/a><\/p>\n","protected":false},"author":7,"featured_media":0,"comment_status":"closed","ping_status":"closed","sticky":false,"template":"","format":"standard","meta":{"footnotes":""},"categories":[12],"tags":[],"class_list":["post-2520","post","type-post","status-publish","format-standard","hentry","category-texte"],"aioseo_notices":[],"_links":{"self":[{"href":"https:\/\/www.srt-partner.de\/index.php\/wp-json\/wp\/v2\/posts\/2520","targetHints":{"allow":["GET"]}}],"collection":[{"href":"https:\/\/www.srt-partner.de\/index.php\/wp-json\/wp\/v2\/posts"}],"about":[{"href":"https:\/\/www.srt-partner.de\/index.php\/wp-json\/wp\/v2\/types\/post"}],"author":[{"embeddable":true,"href":"https:\/\/www.srt-partner.de\/index.php\/wp-json\/wp\/v2\/users\/7"}],"replies":[{"embeddable":true,"href":"https:\/\/www.srt-partner.de\/index.php\/wp-json\/wp\/v2\/comments?post=2520"}],"version-history":[{"count":1,"href":"https:\/\/www.srt-partner.de\/index.php\/wp-json\/wp\/v2\/posts\/2520\/revisions"}],"predecessor-version":[{"id":2521,"href":"https:\/\/www.srt-partner.de\/index.php\/wp-json\/wp\/v2\/posts\/2520\/revisions\/2521"}],"wp:attachment":[{"href":"https:\/\/www.srt-partner.de\/index.php\/wp-json\/wp\/v2\/media?parent=2520"}],"wp:term":[{"taxonomy":"category","embeddable":true,"href":"https:\/\/www.srt-partner.de\/index.php\/wp-json\/wp\/v2\/categories?post=2520"},{"taxonomy":"post_tag","embeddable":true,"href":"https:\/\/www.srt-partner.de\/index.php\/wp-json\/wp\/v2\/tags?post=2520"}],"curies":[{"name":"wp","href":"https:\/\/api.w.org\/{rel}","templated":true}]}}