{"id":2865,"date":"2022-07-18T09:27:51","date_gmt":"2022-07-18T09:27:51","guid":{"rendered":"https:\/\/www.srt-partner.de\/?p=2865"},"modified":"2022-07-18T09:27:51","modified_gmt":"2022-07-18T09:27:51","slug":"kw-29-versendet-am-18-07-2022","status":"publish","type":"post","link":"https:\/\/www.srt-partner.de\/index.php\/kw-29-versendet-am-18-07-2022\/","title":{"rendered":"KW 29, versendet am 18.07.2022"},"content":{"rendered":"<p class=\"western\"><span style=\"font-family: DejaVu Sans, sans-serif\"><span style=\"font-size: small\"><span style=\"color: #000000\"><b>G\u00f6rz, Gorizia, Nova Gorica: Eine Stadt mit Vergangenheit. <\/b><\/span><span style=\"color: #000000\">Das italienische Gorizia und das slowenische Nova Gorica waren einst das deutsche G\u00f6rz. Beide St\u00e4dte werden 2025 gemeinsam die Kulturhauptstadt Europas sein<\/span><\/span><\/span><\/p>\n<p class=\"western\"><span style=\"color: #000000\"><span style=\"font-family: DejaVu Sans, sans-serif\"><span style=\"font-size: small\"><i>Von Simone F. Lucas<\/i><\/span><\/span><\/span> <span style=\"color: #000000\"><span style=\"font-family: DejaVu Sans, sans-serif\"><span style=\"font-size: small\">(<\/span><\/span><\/span><span style=\"color: #000000\"><span style=\"font-family: DejaVu Sans, sans-serif\"><span style=\"font-size: small\">6397<\/span><\/span><\/span><span style=\"color: #000000\"><span style=\"font-family: DejaVu Sans, sans-serif\"><span style=\"font-size: small\"> Zeichen \u2013 Bilder:<\/span><\/span><\/span><u> <\/u><span style=\"color: #000080\"><span lang=\"zxx\"><u><a href=\"http:\/\/www.srt-text.de\/\"><span style=\"color: #1155cc\"><span style=\"font-family: DejaVu Sans, sans-serif\"><span style=\"font-size: small\">www.srt-text.de<\/span><\/span><\/span><\/a><\/u><\/span><\/span><span style=\"color: #000000\"><span style=\"font-family: DejaVu Sans, sans-serif\"><span style=\"font-size: small\">)<\/span><\/span><\/span><\/p>\n<p>&nbsp;<\/p>\n<p class=\"western\"><span style=\"font-family: DejaVu Sans, sans-serif\"><span style=\"font-size: small\"><span style=\"color: #000000\"><b>Ab in die Schlucht: K\u00fchle Wanderungen f\u00fcr hei\u00dfe Sommertage. <\/b><\/span><span style=\"color: #000000\">Von Gebirgsb\u00e4chen in das Gestein gefr\u00e4st, versprechen Klammen und Schluchten erfrischende Naturerlebnisse. Zehn Ausflugstipps in Deutschland, \u00d6sterreich und der Schweiz<\/span><\/span><\/span><\/p>\n<p class=\"western\"><span style=\"color: #000000\"><span style=\"font-family: DejaVu Sans, sans-serif\"><span style=\"font-size: small\"><i>Von Stefan Herbke <\/i><\/span><\/span><\/span><span style=\"color: #000000\"><span style=\"font-family: DejaVu Sans, sans-serif\"><span style=\"font-size: small\">(<\/span><\/span><\/span><span style=\"color: #000000\"><span style=\"font-family: DejaVu Sans, sans-serif\"><span style=\"font-size: small\">8850<\/span><\/span><\/span><span style=\"color: #000000\"><span style=\"font-family: DejaVu Sans, sans-serif\"><span style=\"font-size: small\"> Zeichen \u2013 Bilder:<\/span><\/span><\/span><u> <\/u><span style=\"color: #000080\"><span lang=\"zxx\"><u><a href=\"http:\/\/www.srt-text.de\/\"><span style=\"color: #1155cc\"><span style=\"font-family: DejaVu Sans, sans-serif\"><span style=\"font-size: small\">www.srt-text.de<\/span><\/span><\/span><\/a><\/u><\/span><\/span><span style=\"color: #000000\"><span style=\"font-family: DejaVu Sans, sans-serif\"><span style=\"font-size: small\">)<\/span><\/span><\/span><\/p>\n<p>&nbsp;<\/p>\n<p class=\"western\"><span style=\"font-family: DejaVu Sans, sans-serif\"><span style=\"font-size: small\"><span style=\"color: #000000\"><b>Ausgecheckt beim Einchecken: Wann Airlines Passagiere ausschlie\u00dfen d\u00fcrfen.<\/b><\/span> <span style=\"color: #000000\">Fehlende Dokumente, unpassende Kleidung, zu sp\u00e4t am Gate oder ein unangenehmer K\u00f6rpergeruch: Die Fluggesellschaften haben klare Regeln, wen sie bef\u00f6rdern <\/span><span style=\"color: #000000\">\u2013<\/span><span style=\"color: #000000\"> und wen nicht<\/span><\/span><\/span><\/p>\n<p class=\"western\"><span style=\"color: #000000\"><span style=\"font-family: DejaVu Sans, sans-serif\"><span style=\"font-size: small\"><i>Von Tinga Horny<\/i><\/span><\/span><\/span> <span style=\"color: #000000\"><span style=\"font-family: DejaVu Sans, sans-serif\"><span style=\"font-size: small\">(<\/span><\/span><\/span><span style=\"color: #000000\"><span style=\"font-family: DejaVu Sans, sans-serif\"><span style=\"font-size: small\">4689<\/span><\/span><\/span><span style=\"color: #000000\"><span style=\"font-family: DejaVu Sans, sans-serif\"><span style=\"font-size: small\"> Zeichen \u2013 Bilder:<\/span><\/span><\/span><u> <\/u><span style=\"color: #000080\"><span lang=\"zxx\"><u><a href=\"http:\/\/www.srt-text.de\/\"><span style=\"color: #1155cc\"><span style=\"font-family: DejaVu Sans, sans-serif\"><span style=\"font-size: small\">www.srt-text.de<\/span><\/span><\/span><\/a><\/u><\/span><\/span><span style=\"color: #000000\"><span style=\"font-family: DejaVu Sans, sans-serif\"><span style=\"font-size: small\">)<\/span><\/span><\/span><\/p>\n<p>&nbsp;<\/p>\n<p class=\"western\"><span style=\"font-family: DejaVu Sans, sans-serif\"><span style=\"font-size: small\"><span style=\"color: #000000\"><b>Warschau: Vom \u201cNebel des Absurden\u201d zum veganen Schlemmen. <\/b><\/span><span style=\"color: #000000\">Mit Locations wie dem Neon- und dem Wodka-Museum gibt sich Warschau hip und modern. Die Gentrifizierung des kultigen Stadtteils Praga am rechten Weichselufer hat begonnen. Auch Vegetarier k\u00f6nnen in Warschau hervorragend schlemmen <\/span><span style=\"color: #000000\">\u2013<\/span><span style=\"color: #000000\"> St\u00e4dtetrip Teil 2<\/span><\/span><\/span><\/p>\n<p class=\"western\"><span style=\"color: #000000\"><span style=\"font-family: DejaVu Sans, sans-serif\"><span style=\"font-size: small\"><i>Von Christian Boergen<\/i><\/span><\/span><\/span> <span style=\"color: #000000\"><span style=\"font-family: DejaVu Sans, sans-serif\"><span style=\"font-size: small\">(<\/span><\/span><\/span><span style=\"color: #000000\"><span style=\"font-family: DejaVu Sans, sans-serif\"><span style=\"font-size: small\">8198<\/span><\/span><\/span><span style=\"color: #000000\"><span style=\"font-family: DejaVu Sans, sans-serif\"><span style=\"font-size: small\"> Zeichen \u2013 Bilder:<\/span><\/span><\/span><a href=\"http:\/\/www.srt-text.de\/\"><u> <\/u><span style=\"color: #000080\"><span lang=\"zxx\"><u><span style=\"color: #1155cc\"><span style=\"font-family: DejaVu Sans, sans-serif\"><span style=\"font-size: small\">www.srt-text.de<\/span><\/span><\/span><\/u><\/span><\/span><\/a><span style=\"color: #000000\"><span style=\"font-family: DejaVu Sans, sans-serif\"><span style=\"font-size: small\">)<\/span><\/span><\/span><\/p>\n<p>&nbsp;<\/p>\n<p class=\"western\"><span style=\"font-family: DejaVu Sans, sans-serif\"><span style=\"font-size: small\"><span style=\"color: #000000\"><b>Prominente unterwegs: <\/b><\/span><span style=\"color: #000000\"><b>Mit <\/b><\/span><span style=\"color: #000000\"><b>Lou Bega <\/b><\/span><span style=\"color: #000000\"><b>in<\/b><\/span><span style=\"color: #000000\"><b> Sizilien \u2013 amore mio!<\/b><\/span> <span style=\"color: #000000\">Dem \u201eMambo No. 5\u201c-S\u00e4nger m\u00f6chte man s\u00fcdamerikanische Wurzeln unterstellen. Dabei ist er in M\u00fcnchen aufgewachsen und seine Mutter stammt aus Sizilien<\/span><\/span><\/span><\/p>\n<p class=\"western\"><span style=\"color: #000000\"><span style=\"font-family: DejaVu Sans, sans-serif\"><span style=\"font-size: small\"><i>Aufgezeichnet von Brigitte von Imhof<\/i><\/span><\/span><\/span> <span style=\"color: #000000\"><span style=\"font-family: DejaVu Sans, sans-serif\"><span style=\"font-size: small\">(<\/span><\/span><\/span><span style=\"color: #000000\"><span style=\"font-family: DejaVu Sans, sans-serif\"><span style=\"font-size: small\">2693 <\/span><\/span><\/span><span style=\"color: #000000\"><span style=\"font-family: DejaVu Sans, sans-serif\"><span style=\"font-size: small\">Zeichen \u2013 Bilder:<\/span><\/span><\/span><u> <\/u><span style=\"color: #000080\"><span lang=\"zxx\"><u><a href=\"http:\/\/www.srt-text.de\/\"><span style=\"color: #1155cc\"><span style=\"font-family: DejaVu Sans, sans-serif\"><span style=\"font-size: small\">www.srt-text.de<\/span><\/span><\/span><\/a><\/u><\/span><\/span><span style=\"color: #000000\"><span style=\"font-family: DejaVu Sans, sans-serif\"><span style=\"font-size: small\">)<\/span><\/span><\/span><\/p>\n<p>&nbsp;<\/p>\n<p class=\"western\"><span style=\"font-family: DejaVu Sans, sans-serif\"><span style=\"font-size: small\"><span style=\"color: #000000\"><b>Zauberhaftes Zadar: Maraskakirschen und Walges\u00e4nge. <\/b><\/span><span style=\"color: #000000\">Das Meer ist die B\u00fchne: Dalmatiens quirlige Mini-Metropole hat sich zum Geheimtipp an Kroatiens K\u00fcste entwickelt, weil sich Stadt- und Badeurlaub dort perfekt kombinieren lassen<\/span><\/span><\/span><\/p>\n<p class=\"western\"><span style=\"color: #000000\"><span style=\"font-family: DejaVu Sans, sans-serif\"><span style=\"font-size: small\"><i>Von Hans-Werner Rodrian<\/i><\/span><\/span><\/span> <span style=\"color: #000000\"><span style=\"font-family: DejaVu Sans, sans-serif\"><span style=\"font-size: small\">(<\/span><\/span><\/span><span style=\"color: #000000\"><span style=\"font-family: DejaVu Sans, sans-serif\"><span style=\"font-size: small\">4800<\/span><\/span><\/span><span style=\"color: #000000\"><span style=\"font-family: DejaVu Sans, sans-serif\"><span style=\"font-size: small\"> Zeichen \u2013 Bilder:<\/span><\/span><\/span><a href=\"http:\/\/www.srt-text.de\/\"><u> <\/u><span style=\"color: #000080\"><span lang=\"zxx\"><u><span style=\"color: #1155cc\"><span style=\"font-family: DejaVu Sans, sans-serif\"><span style=\"font-size: small\">www.srt-text.de<\/span><\/span><\/span><\/u><\/span><\/span><\/a><span style=\"color: #000000\"><span style=\"font-family: DejaVu Sans, sans-serif\"><span style=\"font-size: small\">)<\/span><\/span><\/span><\/p>\n<p>&nbsp;<\/p>\n<p class=\"western\"><span style=\"font-family: DejaVu Sans, sans-serif\"><span style=\"font-size: small\"><span style=\"color: #000000\"><b>Islands Thermalb\u00e4der: Dem Himmel so nah in der \u201cSky Lagoon\u201d.<\/b><\/span> <span style=\"color: #000000\">W\u00e4hrend Deutschland schwitzt, sind in Island hei\u00dfe Quellen gefragt \u2013 auf 2000 Einwohner kommt ein Thermalbad. Tipps f\u00fcr eine Reise rund um Reykjav\u00edk<\/span><\/span><\/span><\/p>\n<p class=\"western\"><span style=\"color: #000000\"><span style=\"font-family: DejaVu Sans, sans-serif\"><span style=\"font-size: small\"><i>Von Gerhard von Kapff <\/i><\/span><\/span><\/span><span style=\"color: #000000\"><span style=\"font-family: DejaVu Sans, sans-serif\"><span style=\"font-size: small\">(<\/span><\/span><\/span><span style=\"color: #000000\"><span style=\"font-family: DejaVu Sans, sans-serif\"><span style=\"font-size: small\">4155<\/span><\/span><\/span><span style=\"color: #000000\"><span style=\"font-family: DejaVu Sans, sans-serif\"><span style=\"font-size: small\"> Zeichen \u2013 Bilder:<\/span><\/span><\/span><a href=\"http:\/\/www.srt-text.de\/\"><u> <\/u><span style=\"color: #000080\"><span lang=\"zxx\"><u><span style=\"color: #1155cc\"><span style=\"font-family: DejaVu Sans, sans-serif\"><span style=\"font-size: small\">www.srt-text.de<\/span><\/span><\/span><\/u><\/span><\/span><\/a><span style=\"color: #000000\"><span style=\"font-family: DejaVu Sans, sans-serif\"><span style=\"font-size: small\">)<\/span><\/span><\/span><\/p>\n<p>&nbsp;<\/p>\n<p class=\"western\"><span style=\"font-family: DejaVu Sans, sans-serif\"><span style=\"font-size: small\"><span style=\"color: #000000\"><b>Skurrile Museen: Mausefallen, Kuschelschweine, Gie\u00dfkannen. <\/b><\/span><span style=\"color: #000000\">Kettens\u00e4gen, Parasiten, XXL-Autos \u2013 kaum etwas, was sich nicht sammeln l\u00e4sst. Manche dieser Kollektionen finden sogar den Weg in ein eigenes Museum. Dies sind die verr\u00fccktesten Sammlungen<\/span><\/span><\/span><\/p>\n<p class=\"western\"><span style=\"color: #000000\"><span style=\"font-family: DejaVu Sans, sans-serif\"><span style=\"font-size: small\"><i>Von Jutta Lemcke<\/i><\/span><\/span><\/span> <span style=\"color: #000000\"><span style=\"font-family: DejaVu Sans, sans-serif\"><span style=\"font-size: small\">(<\/span><\/span><\/span><span style=\"color: #000000\"><span style=\"font-family: DejaVu Sans, sans-serif\"><span style=\"font-size: small\">5066<\/span><\/span><\/span><span style=\"color: #000000\"><span style=\"font-family: DejaVu Sans, sans-serif\"><span style=\"font-size: small\"> Zeichen \u2013 Bilder:<\/span><\/span><\/span><a href=\"http:\/\/www.srt-text.de\/\"><u> <\/u><span style=\"color: #000080\"><span lang=\"zxx\"><u><span style=\"color: #1155cc\"><span style=\"font-family: DejaVu Sans, sans-serif\"><span style=\"font-size: small\">www.srt-text.de<\/span><\/span><\/span><\/u><\/span><\/span><\/a><span style=\"color: #000000\"><span style=\"font-family: DejaVu Sans, sans-serif\"><span style=\"font-size: small\">)<\/span><\/span><\/span><\/p>\n<p>&nbsp;<\/p>\n<p class=\"western\"><span style=\"font-family: DejaVu Sans, sans-serif\"><span style=\"font-size: small\"><span style=\"color: #000000\"><b>Urteil: Pauschale Stornokosten sind unzul\u00e4ssig. <\/b><\/span><span style=\"color: #000000\">Bundesgerichtshof entscheidet, dass Veranstalter zumindest im Streitfall begr\u00fcnden m\u00fcssen, warum die jeweiligen S\u00e4tze angemessen sind<\/span><\/span><\/span><\/p>\n<p class=\"western\"><span style=\"color: #000000\"><span style=\"font-family: DejaVu Sans, sans-serif\"><span style=\"font-size: small\"><i>Von Marc Reisner<\/i><\/span><\/span><\/span> <span style=\"color: #000000\"><span style=\"font-family: DejaVu Sans, sans-serif\"><span style=\"font-size: small\">(<\/span><\/span><\/span><span style=\"color: #000000\"><span style=\"font-family: DejaVu Sans, sans-serif\"><span style=\"font-size: small\">2302<\/span><\/span><\/span><span style=\"color: #000000\"><span style=\"font-family: DejaVu Sans, sans-serif\"><span style=\"font-size: small\"> Zeichen \u2013 Bilder:<\/span><\/span><\/span><u> <\/u><span style=\"color: #000080\"><span lang=\"zxx\"><u><a href=\"http:\/\/www.srt-text.de\/\"><span style=\"color: #1155cc\"><span style=\"font-family: DejaVu Sans, sans-serif\"><span style=\"font-size: small\">www.srt-text.de<\/span><\/span><\/span><\/a><\/u><\/span><\/span><span style=\"color: #000000\"><span style=\"font-family: DejaVu Sans, sans-serif\"><span style=\"font-size: small\">)<\/span><\/span><\/span><\/p>\n<p>&nbsp;<\/p>\n<p class=\"western\"><span style=\"font-family: DejaVu Sans, sans-serif\"><span style=\"font-size: small\"><span style=\"color: #000000\"><b>Gargellen in Vorarlberg: Alpine Dramen.<\/b><\/span> <span style=\"color: #000000\">Mit Bergschuhen ins Theater? Bei einer gef\u00fchrten Theaterwanderung im Silvrettagebirge ist das m\u00f6glich. Der h\u00f6chstgelegene Ort des Montafons bietet aber auch jenseits der Open-Air-Spektakels jede Menge (Natur-)Schauspiel<\/span><\/span><\/span><\/p>\n<p class=\"western\"><span style=\"color: #000000\"><span style=\"font-family: DejaVu Sans, sans-serif\"><span style=\"font-size: small\"><i>Von Christian Haas<\/i><\/span><\/span><\/span> <span style=\"color: #000000\"><span style=\"font-family: DejaVu Sans, sans-serif\"><span style=\"font-size: small\">(<\/span><\/span><\/span><span style=\"color: #000000\"><span style=\"font-family: DejaVu Sans, sans-serif\"><span style=\"font-size: small\">5942<\/span><\/span><\/span><span style=\"color: #000000\"><span style=\"font-family: DejaVu Sans, sans-serif\"><span style=\"font-size: small\"> Zeichen \u2013 Bilder:<\/span><\/span><\/span><a href=\"http:\/\/www.srt-text.de\/\"><u> <\/u><span style=\"color: #000080\"><span lang=\"zxx\"><u><span style=\"color: #1155cc\"><span style=\"font-family: DejaVu Sans, sans-serif\"><span style=\"font-size: small\">www.srt-text.de<\/span><\/span><\/span><\/u><\/span><\/span><\/a><span style=\"color: #000000\"><span style=\"font-family: DejaVu Sans, sans-serif\"><span style=\"font-size: small\">)<\/span><\/span><\/span><\/p>\n<p class=\"western\" align=\"center\"><span style=\"font-family: DejaVu Sans, sans-serif\"><span style=\"font-size: small\"><b>KURZ GEMELDET<\/b><\/span><\/span><\/p>\n<p class=\"western\"><span style=\"font-family: DejaVu Sans, sans-serif\"><span style=\"font-size: small\">La Palma: Wandern zur Cumbre Vieja<\/span><\/span><\/p>\n<p class=\"western\"><span style=\"font-family: DejaVu Sans, sans-serif\"><span style=\"font-size: small\">Barcelona: Beschr\u00e4nkungen f\u00fcr Besucher<\/span><\/span><\/p>\n<p class=\"western\"><span style=\"font-family: DejaVu Sans, sans-serif\"><span style=\"font-size: small\">Papenburg: Besuch beim modernsten Kreuzfahrtschiff<\/span><\/span><\/p>\n<p class=\"western\"><span style=\"font-family: DejaVu Sans, sans-serif\"><span style=\"font-size: small\">Bayreuth: Leuchtende Sommernacht<\/span><\/span><\/p>\n<p class=\"western\"><span style=\"font-family: DejaVu Sans, sans-serif\"><span style=\"font-size: small\">Filzmoos: Wandern auf dem Toleranzberg<\/span><\/span><\/p>\n<p class=\"western\"><span style=\"font-family: DejaVu Sans, sans-serif\"><span style=\"font-size: small\">Brixental: Blumencorso in Kirchberg<\/span><\/span><\/p>\n<p class=\"western\"><span style=\"font-family: DejaVu Sans, sans-serif\"><span style=\"font-size: small\">Italien: Almbauer f\u00fcr einen Tag<\/span><\/span><\/p>\n<p class=\"western\"><span style=\"font-family: DejaVu Sans, sans-serif\"><span style=\"font-size: small\">Sark: Wo die Schafe rennen<\/span><\/span><\/p>\n<p class=\"western\"><span style=\"font-family: DejaVu Sans, sans-serif\"><span style=\"font-size: small\">Allg\u00e4u: Detektivspiel in den Bergen<\/span><\/span><\/p>\n<p class=\"western\" align=\"center\"><span style=\"font-family: DejaVu Sans, sans-serif\"><span style=\"font-size: small\"><b>BUCHTIPP<\/b><\/span><\/span><\/p>\n<p class=\"western\"><span style=\"font-family: DejaVu Sans, sans-serif\"><span style=\"font-size: small\"><span style=\"color: #000000\"><b>Wandern durch den deutschen Wald.<\/b><\/span> <span style=\"color: #000000\">Gerald Klamer beschreibt in seinem Buch \u201eDer Waldwanderer\u201c, wie er 6000 Kilometer durch Deutschland gelaufen ist und wie es in den deutschen W\u00e4ldern aussieht<\/span><\/span><\/span><\/p>\n<p class=\"western\"><span style=\"color: #000000\"><span style=\"font-family: DejaVu Sans, sans-serif\"><span style=\"font-size: small\"><i>Von Simone F. Lucas<\/i><\/span><\/span><\/span><span style=\"color: #000000\"><span style=\"font-family: DejaVu Sans, sans-serif\"><span style=\"font-size: small\"> (<\/span><\/span><\/span><span style=\"color: #000000\"><span style=\"font-family: DejaVu Sans, sans-serif\"><span style=\"font-size: small\">2242<\/span><\/span><\/span><span style=\"color: #000000\"><span style=\"font-family: DejaVu Sans, sans-serif\"><span style=\"font-size: small\"> Zeichen \u2013 Buchcover:<\/span><\/span><\/span><span style=\"color: #000080\"><span lang=\"zxx\"><u><span style=\"color: #1155cc\"><span style=\"font-family: DejaVu Sans, sans-serif\"><span style=\"font-size: small\"> <a href=\"http:\/\/www.srt-text.de\/\">www.srt-text.de<\/a><\/span><\/span><\/span><\/u><\/span><\/span><span style=\"color: #000000\"><span style=\"font-family: DejaVu Sans, sans-serif\"><span style=\"font-size: small\">)<\/span><\/span><\/span><\/p>\n<p class=\"western\"><span style=\"font-family: DejaVu Sans, sans-serif\"><span style=\"font-size: small\"><i>Textredaktion dieser Woche Sibylle v. Kamptz, Co- Redakteur Hans-Werner Rodrian und Bildredaktion Rainer Krause.\u00a0<\/i><\/span><\/span><\/p>\n","protected":false},"excerpt":{"rendered":"<p>G\u00f6rz, Gorizia, Nova Gorica: Eine Stadt mit Vergangenheit. Das italienische Gorizia und das slowenische Nova Gorica waren einst das deutsche G\u00f6rz. Beide St\u00e4dte werden 2025 gemeinsam die Kulturhauptstadt Europas sein Von Simone F. Lucas (6397 Zeichen \u2013 Bilder: www.srt-text.de) &nbsp; Ab in die Schlucht: K\u00fchle Wanderungen f\u00fcr hei\u00dfe Sommertage. Von<a href=\"https:\/\/www.srt-partner.de\/index.php\/kw-29-versendet-am-18-07-2022\/\" class=\"read-more\">Read More&#8230;<\/a><\/p>\n","protected":false},"author":7,"featured_media":0,"comment_status":"closed","ping_status":"closed","sticky":false,"template":"","format":"standard","meta":{"footnotes":""},"categories":[12],"tags":[],"class_list":["post-2865","post","type-post","status-publish","format-standard","hentry","category-texte"],"aioseo_notices":[],"_links":{"self":[{"href":"https:\/\/www.srt-partner.de\/index.php\/wp-json\/wp\/v2\/posts\/2865","targetHints":{"allow":["GET"]}}],"collection":[{"href":"https:\/\/www.srt-partner.de\/index.php\/wp-json\/wp\/v2\/posts"}],"about":[{"href":"https:\/\/www.srt-partner.de\/index.php\/wp-json\/wp\/v2\/types\/post"}],"author":[{"embeddable":true,"href":"https:\/\/www.srt-partner.de\/index.php\/wp-json\/wp\/v2\/users\/7"}],"replies":[{"embeddable":true,"href":"https:\/\/www.srt-partner.de\/index.php\/wp-json\/wp\/v2\/comments?post=2865"}],"version-history":[{"count":1,"href":"https:\/\/www.srt-partner.de\/index.php\/wp-json\/wp\/v2\/posts\/2865\/revisions"}],"predecessor-version":[{"id":2866,"href":"https:\/\/www.srt-partner.de\/index.php\/wp-json\/wp\/v2\/posts\/2865\/revisions\/2866"}],"wp:attachment":[{"href":"https:\/\/www.srt-partner.de\/index.php\/wp-json\/wp\/v2\/media?parent=2865"}],"wp:term":[{"taxonomy":"category","embeddable":true,"href":"https:\/\/www.srt-partner.de\/index.php\/wp-json\/wp\/v2\/categories?post=2865"},{"taxonomy":"post_tag","embeddable":true,"href":"https:\/\/www.srt-partner.de\/index.php\/wp-json\/wp\/v2\/tags?post=2865"}],"curies":[{"name":"wp","href":"https:\/\/api.w.org\/{rel}","templated":true}]}}