{"id":2882,"date":"2022-08-29T09:21:16","date_gmt":"2022-08-29T09:21:16","guid":{"rendered":"https:\/\/www.srt-partner.de\/?p=2882"},"modified":"2022-08-29T09:21:16","modified_gmt":"2022-08-29T09:21:16","slug":"kw-35-versendet-am-29-08-2022","status":"publish","type":"post","link":"https:\/\/www.srt-partner.de\/index.php\/kw-35-versendet-am-29-08-2022\/","title":{"rendered":"KW 35, versendet am 29.08.2022"},"content":{"rendered":"<p class=\"western\"><span style=\"color: #000000\"><span style=\"font-family: DejaVu Sans, sans-serif\"><span style=\"font-size: small\"><b>Natz-Schabs im Eisacktal: Traumland der Apfelj\u00fcnger.<\/b><\/span><\/span><\/span> <span style=\"color: #000000\"><span style=\"font-family: DejaVu Sans, sans-serif\"><span style=\"font-size: small\">Schon seit Adam und Eva geh\u00f6ren der Apfel und das Paradies zusammen. Wer den Apfelhimmel auf Erden sucht, der wird in S\u00fcdtirol f\u00fcndig \u2013 etwa beim gro\u00dfen Apfelfest in der Eisacktaler Gemeinde Natz-Schabs am 9. Oktober<br \/>\n<\/span><\/span><\/span><span style=\"color: #000000\"><span style=\"font-family: DejaVu Sans, sans-serif\"><span style=\"font-size: small\"><i>Von Christian Haas <\/i><\/span><\/span><\/span><span style=\"color: #000000\"><span style=\"font-family: DejaVu Sans, sans-serif\"><span style=\"font-size: small\">(5634 Zeichen \u2013 Bilder:<\/span><\/span><\/span><u> <\/u><span style=\"color: #000000\"><span style=\"font-family: DejaVu Sans, sans-serif\"><span style=\"font-size: small\"><u>www.srt-text.de<\/u><\/span><\/span><\/span><span style=\"color: #000000\"><span style=\"font-family: DejaVu Sans, sans-serif\"><span style=\"font-size: small\">)<\/span><\/span><\/span><\/p>\n<p>&nbsp;<\/p>\n<p class=\"western\"><a name=\"docs-internal-guid-50482092-7fff-52d2-00\"><\/a><span style=\"color: #000000\"><span style=\"font-family: DejaVu Sans, sans-serif\"><span style=\"font-size: small\"><b>Gerlitzen in K\u00e4rnten: Nah an den Sternen. <\/b><\/span><\/span><\/span><span style=\"color: #000000\"><span style=\"font-family: DejaVu Sans, sans-serif\"><span style=\"font-size: small\">Ein Berghotel im S\u00fcden \u00d6sterreichs bietet nehmen Halbpension auch die Beobachtung von Kugelsternhaufen und Ringnebeln an<br \/>\n<\/span><\/span><\/span><span style=\"color: #000000\"><span style=\"font-family: DejaVu Sans, sans-serif\"><span style=\"font-size: small\"><i>Von B\u00e4rbel Schwertfeger <\/i><\/span><\/span><\/span><span style=\"color: #000000\"><span style=\"font-family: DejaVu Sans, sans-serif\"><span style=\"font-size: small\">(5990 Zeichen \u2013 Bilder:<\/span><\/span><\/span><a href=\"http:\/\/www.srt-text.de\/\"><u> <\/u><span style=\"color: #000080\"><span lang=\"zxx\"><u><span style=\"color: #000000\"><span style=\"font-family: DejaVu Sans, sans-serif\"><span style=\"font-size: small\">www.srt-text.de<\/span><\/span><\/span><\/u><\/span><\/span><\/a><span style=\"color: #000000\"><span style=\"font-family: DejaVu Sans, sans-serif\"><span style=\"font-size: small\">)<\/span><\/span><\/span><\/p>\n<p>&nbsp;<\/p>\n<p class=\"western\"><span style=\"font-family: DejaVu Sans, sans-serif\"><span style=\"font-size: small\"><b>Montb\u00e9liard alias M\u00f6mpelgard: Schw\u00e4bisches in Frankreich.<\/b><\/span><\/span> <span style=\"font-family: DejaVu Sans, sans-serif\"><span style=\"font-size: small\">Montb\u00e9liard hie\u00df einst M\u00f6mpelgard. Zur Geschichte geh\u00f6ren K\u00fche und K\u00e4se aber auch die Kaffeem\u00fchlen und die Autos von Peugeot<\/span><\/span><\/p>\n<p class=\"western\"><span style=\"color: #000000\"><span style=\"font-family: DejaVu Sans, sans-serif\"><span style=\"font-size: small\"><i>Von Simone F. Lucas <\/i><\/span><\/span><\/span><span style=\"color: #000000\"><span style=\"font-family: DejaVu Sans, sans-serif\"><span style=\"font-size: small\">(6166 Zeichen \u2013 Bilder:<\/span><\/span><\/span><u> <\/u><span style=\"color: #000000\"><span style=\"font-family: DejaVu Sans, sans-serif\"><span style=\"font-size: small\"><u>www.srt-text.de<\/u><\/span><\/span><\/span><span style=\"color: #000000\"><span style=\"font-family: DejaVu Sans, sans-serif\"><span style=\"font-size: small\">)<\/span><\/span><\/span><\/p>\n<p>&nbsp;<\/p>\n<p class=\"western\"><span style=\"font-family: DejaVu Sans, sans-serif\"><span style=\"font-size: small\"><b>Funchal auf Madeira: Kunstgenuss im Vorbeigehen.<\/b><\/span><\/span> <span style=\"font-family: DejaVu Sans, sans-serif\"><span style=\"font-size: small\">Mehr als 100 k\u00fcnstlerisch gestaltete T\u00fcren und Tore sorgen in Funchals historischer Altstadt f\u00fcr besondere Blickf\u00e4nge und laden zur individuellen Fotosafari<\/span><\/span><\/p>\n<p class=\"western\"><span style=\"color: #000000\"><span style=\"font-family: DejaVu Sans, sans-serif\"><span style=\"font-size: small\"><i>Von Karsten-Thilo Raab <\/i><\/span><\/span><\/span><span style=\"color: #000000\"><span style=\"font-family: DejaVu Sans, sans-serif\"><span style=\"font-size: small\">(3530 Zeichen \u2013 Bilder:<\/span><\/span><\/span><a href=\"http:\/\/www.srt-text.de\/\"><u> <\/u><span style=\"color: #000080\"><span lang=\"zxx\"><u><span style=\"color: #000000\"><span style=\"font-family: DejaVu Sans, sans-serif\"><span style=\"font-size: small\">www.srt-text.de<\/span><\/span><\/span><\/u><\/span><\/span><\/a><span style=\"color: #000000\"><span style=\"font-family: DejaVu Sans, sans-serif\"><span style=\"font-size: small\">)<\/span><\/span><\/span><\/p>\n<p>&nbsp;<\/p>\n<p class=\"western\"><span style=\"color: #000000\"><span style=\"font-family: DejaVu Sans, sans-serif\"><span style=\"font-size: small\"><b>Dubais neue alte Viertel: Zur\u00fcck zum Ursprung. <\/b><\/span><\/span><\/span><span style=\"color: #000000\"><span style=\"font-family: DejaVu Sans, sans-serif\"><span style=\"font-size: small\">Wo einst Perlentaucher und Fischer lebten, laden heute Museen Besucher zu einer Reise in die Vergangenheit ein<\/span><\/span><\/span><\/p>\n<p class=\"western\"><span style=\"color: #000000\"><span style=\"font-family: DejaVu Sans, sans-serif\"><span style=\"font-size: small\"><i>Von B\u00e4rbel Schwertfeger<\/i><\/span><\/span><\/span> <span style=\"color: #000000\"><span style=\"font-family: DejaVu Sans, sans-serif\"><span style=\"font-size: small\">(4893 Zeichen \u2013 Bilder:<\/span><\/span><\/span><u> <\/u><span style=\"color: #000080\"><span lang=\"zxx\"><u><a href=\"http:\/\/www.srt-text.de\/\"><span style=\"color: #000000\"><span style=\"font-family: DejaVu Sans, sans-serif\"><span style=\"font-size: small\">www.srt-text.de<\/span><\/span><\/span><\/a><\/u><\/span><\/span><span style=\"color: #000000\"><span style=\"font-family: DejaVu Sans, sans-serif\"><span style=\"font-size: small\">)<\/span><\/span><\/span><\/p>\n<p>&nbsp;<\/p>\n<p class=\"western\"><a name=\"docs-internal-guid-db289091-7fff-9705-8d\"><\/a> <span style=\"font-family: DejaVu Sans, sans-serif\"><span style=\"font-size: small\"><b>Wittenberge in Brandenburg: Boomtown der Gr\u00fcnderzeit. <\/b><\/span><\/span><span style=\"color: #000000\"><span style=\"font-family: DejaVu Sans, sans-serif\"><span style=\"font-size: small\">Fabrikhallen wie das Singer-N\u00e4hmaschinenwerk brachten der Kleinstadt an der Elbe Reichtum und prachtvolle Bauten in Jugendstil und Neobarock<\/span><\/span><\/span><\/p>\n<p class=\"western\"><span style=\"color: #000000\"><span style=\"font-family: DejaVu Sans, sans-serif\"><span style=\"font-size: small\"><i>Von Franz Michael Rohm <\/i><\/span><\/span><\/span><span style=\"color: #000000\"><span style=\"font-family: DejaVu Sans, sans-serif\"><span style=\"font-size: small\">(4032 Zeichen \u2013 Bilder:<\/span><\/span><\/span><u> <\/u><span style=\"color: #000000\"><span style=\"font-family: DejaVu Sans, sans-serif\"><span style=\"font-size: small\"><u>www.srt-text.de<\/u><\/span><\/span><\/span><span style=\"color: #000000\"><span style=\"font-family: DejaVu Sans, sans-serif\"><span style=\"font-size: small\">)<\/span><\/span><\/span><\/p>\n<p>&nbsp;<\/p>\n<p class=\"western\"><span style=\"color: #000000\"><span style=\"font-family: DejaVu Sans, sans-serif\"><span style=\"font-size: small\"><b>Gewichtige Probleme: Schrumpfende Flugzeugsitze, aber dickere Passagiere. <\/b><\/span><\/span><\/span><span style=\"color: #000000\"><span style=\"font-family: DejaVu Sans, sans-serif\"><span style=\"font-size: small\">Airlines verkleinern die Sitzpl\u00e4tze, um mehr Menschen in die Jets zu laden. Und das in Zeiten, in denen die Menschen an Umfang zunehmen. Fliegen wird dadurch unbequemer und k\u00f6nnte sogar die Sicherheit gef\u00e4hrden<br \/>\n<\/span><\/span><\/span><span style=\"color: #000000\"><span style=\"font-family: DejaVu Sans, sans-serif\"><span style=\"font-size: small\"><i>Von Tinga Horny<\/i><\/span><\/span><\/span> <span style=\"color: #000000\"><span style=\"font-family: DejaVu Sans, sans-serif\"><span style=\"font-size: small\">(3336 Zeichen \u2013 Bilder:<\/span><\/span><\/span><u> <\/u><span style=\"color: #000080\"><span lang=\"zxx\"><u><a href=\"http:\/\/www.srt-text.de\/\"><span style=\"color: #1155cc\"><span style=\"font-family: DejaVu Sans, sans-serif\"><span style=\"font-size: small\">www.srt-text.de<\/span><\/span><\/span><\/a><\/u><\/span><\/span><span style=\"color: #000000\"><span style=\"font-family: DejaVu Sans, sans-serif\"><span style=\"font-size: small\">)<\/span><\/span><\/span><\/p>\n<p class=\"western\" align=\"center\"><span style=\"font-family: DejaVu Sans, sans-serif\"><span style=\"font-size: small\"><b>KURZ GEMELDET<\/b><\/span><\/span><\/p>\n<p class=\"western\"><span style=\"font-family: DejaVu Sans, sans-serif\"><span style=\"font-size: small\">Skifahren: Keine Sitzheizung mehr?<\/span><\/span><\/p>\n<p class=\"western\"><span style=\"font-family: DejaVu Sans, sans-serif\"><span style=\"font-size: small\">K\u00e4rnten: Genussvoll wandern auf dem Feinspitzweg<\/span><\/span><\/p>\n<p class=\"western\"><span style=\"font-family: DejaVu Sans, sans-serif\"><span style=\"font-size: small\">Flughafen Schiphhol: Entsch\u00e4digung f\u00fcr Passagiere<\/span><\/span><\/p>\n<p class=\"western\"><span style=\"font-family: DejaVu Sans, sans-serif\"><span style=\"font-size: small\">Tirol: Kn\u00f6delfest in Sankt Johann<\/span><\/span><\/p>\n<p class=\"western\"><span style=\"font-family: DejaVu Sans, sans-serif\"><span style=\"font-size: small\">Katar: Fu\u00dfball-WM mit wenig Nachhaltigkeit<\/span><\/span><\/p>\n<p class=\"western\"><span style=\"font-family: DejaVu Sans, sans-serif\"><span style=\"font-size: small\">Urlaub: Reisen auf Raten<\/span><\/span><\/p>\n<p class=\"western\"><span style=\"font-family: DejaVu Sans, sans-serif\"><span style=\"font-size: small\">Alta Badia: Ein Herz f\u00fcrs Klima<\/span><\/span><\/p>\n<p class=\"western\"><span style=\"font-family: DejaVu Sans, sans-serif\"><span style=\"font-size: small\">Ukraine: Reisen in \u201emutige St\u00e4dte\u201d<\/span><\/span><\/p>\n<p class=\"western\"><span style=\"font-family: DejaVu Sans, sans-serif\"><span style=\"font-size: small\">Th\u00fcringen: Deutschlands sch\u00f6nster Wanderweg<\/span><\/span><\/p>\n<p class=\"western\"><span style=\"font-family: DejaVu Sans, sans-serif\"><span style=\"font-size: small\">Deutschland: Miniatur Wunderland bleibt Spitze<\/span><\/span><\/p>\n<p class=\"western\"><span style=\"font-family: DejaVu Sans, sans-serif\"><span style=\"font-size: small\">Camping: Ein Bett im Kornfeld<\/span><\/span><\/p>\n<p class=\"western\" align=\"center\"><span style=\"font-family: DejaVu Sans, sans-serif\"><span style=\"font-size: small\"><b>BUCHTIPP<\/b><\/span><\/span><\/p>\n<p class=\"western\"><span style=\"font-family: DejaVu Sans, sans-serif\"><span style=\"font-size: small\"><b>Durchfahrt ohne Halt. <\/b><\/span><\/span><span style=\"font-family: DejaVu Sans, sans-serif\"><span style=\"font-size: small\">Dietmar Bittrich pr\u00e4sentiert in dem B\u00fcchlein \u201eWer sp\u00e4ter kommt, hat l\u00e4nger Zeit\u201d die Bahn als \u201erollenden Kurs in Wundern\u201d<\/span><\/span><\/p>\n<p class=\"western\"><span style=\"color: #000000\"><span style=\"font-family: DejaVu Sans, sans-serif\"><span style=\"font-size: small\"><i>Von Simone F. Lucas<\/i><\/span><\/span><\/span><span style=\"color: #000000\"><span style=\"font-family: DejaVu Sans, sans-serif\"><span style=\"font-size: small\"> (1942 Zeichen \u2013 Buchcover:<\/span><\/span><\/span><span style=\"color: #000000\"><span style=\"font-family: DejaVu Sans, sans-serif\"><span style=\"font-size: small\"><u> www.srt-text.de<\/u><\/span><\/span><\/span><span style=\"color: #000000\"><span style=\"font-family: DejaVu Sans, sans-serif\"><span style=\"font-size: small\">)<\/span><\/span><\/span><\/p>\n<p class=\"western\"><span style=\"color: #000000\"><span style=\"font-family: DejaVu Sans, sans-serif\"><span style=\"font-size: small\"><b><br \/>\n<\/b><\/span><\/span><\/span><span style=\"color: #000000\"><span style=\"font-family: DejaVu Sans, sans-serif\"><span style=\"font-size: small\"><i>Textredaktion dieser Woche: Rainer Krause, Co-Redakteur: Armin Herb, Bildredakteur: Rainer Krause<\/i><\/span><\/span><\/span><\/p>\n","protected":false},"excerpt":{"rendered":"<p>Natz-Schabs im Eisacktal: Traumland der Apfelj\u00fcnger. Schon seit Adam und Eva geh\u00f6ren der Apfel und das Paradies zusammen. Wer den Apfelhimmel auf Erden sucht, der wird in S\u00fcdtirol f\u00fcndig \u2013 etwa beim gro\u00dfen Apfelfest in der Eisacktaler Gemeinde Natz-Schabs am 9. Oktober Von Christian Haas (5634 Zeichen \u2013 Bilder: www.srt-text.de)<a href=\"https:\/\/www.srt-partner.de\/index.php\/kw-35-versendet-am-29-08-2022\/\" class=\"read-more\">Read More&#8230;<\/a><\/p>\n","protected":false},"author":7,"featured_media":0,"comment_status":"closed","ping_status":"closed","sticky":false,"template":"","format":"standard","meta":{"footnotes":""},"categories":[12],"tags":[],"class_list":["post-2882","post","type-post","status-publish","format-standard","hentry","category-texte"],"aioseo_notices":[],"_links":{"self":[{"href":"https:\/\/www.srt-partner.de\/index.php\/wp-json\/wp\/v2\/posts\/2882","targetHints":{"allow":["GET"]}}],"collection":[{"href":"https:\/\/www.srt-partner.de\/index.php\/wp-json\/wp\/v2\/posts"}],"about":[{"href":"https:\/\/www.srt-partner.de\/index.php\/wp-json\/wp\/v2\/types\/post"}],"author":[{"embeddable":true,"href":"https:\/\/www.srt-partner.de\/index.php\/wp-json\/wp\/v2\/users\/7"}],"replies":[{"embeddable":true,"href":"https:\/\/www.srt-partner.de\/index.php\/wp-json\/wp\/v2\/comments?post=2882"}],"version-history":[{"count":1,"href":"https:\/\/www.srt-partner.de\/index.php\/wp-json\/wp\/v2\/posts\/2882\/revisions"}],"predecessor-version":[{"id":2883,"href":"https:\/\/www.srt-partner.de\/index.php\/wp-json\/wp\/v2\/posts\/2882\/revisions\/2883"}],"wp:attachment":[{"href":"https:\/\/www.srt-partner.de\/index.php\/wp-json\/wp\/v2\/media?parent=2882"}],"wp:term":[{"taxonomy":"category","embeddable":true,"href":"https:\/\/www.srt-partner.de\/index.php\/wp-json\/wp\/v2\/categories?post=2882"},{"taxonomy":"post_tag","embeddable":true,"href":"https:\/\/www.srt-partner.de\/index.php\/wp-json\/wp\/v2\/tags?post=2882"}],"curies":[{"name":"wp","href":"https:\/\/api.w.org\/{rel}","templated":true}]}}