{"id":3080,"date":"2023-07-31T09:12:21","date_gmt":"2023-07-31T09:12:21","guid":{"rendered":"https:\/\/www.srt-partner.de\/?p=3080"},"modified":"2023-07-31T09:12:21","modified_gmt":"2023-07-31T09:12:21","slug":"kw-31-versendet-am-31-07-2023","status":"publish","type":"post","link":"https:\/\/www.srt-partner.de\/index.php\/kw-31-versendet-am-31-07-2023\/","title":{"rendered":"KW 31, versendet am 31. 07.2023"},"content":{"rendered":"<p class=\"western\"><span style=\"font-family: DejaVu Sans, sans-serif\"><span style=\"font-size: small\"><b>48 Stunden in Wien: Unterwegs zwischen Riesenrad und Schneckenh\u00e4uschen. <\/b><\/span><span style=\"font-size: small\">Wien f\u00fchrt erneut die Rangliste der 10 lebenswertesten St\u00e4dte der Welt an. Dem Charme der Stadt erliegen Reisende beim Erkunden von Gassen, Pl\u00e4tzen und Parks, beim Besuch einer Schneckenfarm, in den legend\u00e4ren Caf\u00e9s und in einer Buschenschank<\/span><\/span><\/p>\n<p class=\"western\"><span style=\"color: #000000\"><span style=\"font-family: DejaVu Sans, sans-serif\"><span style=\"font-size: small\"><i>Von Sybille Boolakee<\/i><\/span><\/span><\/span> <span style=\"color: #000000\"><span style=\"font-family: DejaVu Sans, sans-serif\"><span style=\"font-size: small\">(<\/span><\/span><\/span><span style=\"color: #000000\"><span style=\"font-family: DejaVu Sans, sans-serif\"><span style=\"font-size: small\">6960<\/span><\/span><\/span><span style=\"color: #000000\"><span style=\"font-family: DejaVu Sans, sans-serif\"><span style=\"font-size: small\"> Zeichen \u2013 Bilder:<\/span><\/span><\/span><a href=\"http:\/\/www.srt-text.de\/\"><u> <\/u><span style=\"color: #000080\"><span lang=\"zxx\"><u><span style=\"color: #000000\"><span style=\"font-family: DejaVu Sans, sans-serif\"><span style=\"font-size: small\">www.srt-text.de<\/span><\/span><\/span><\/u><\/span><\/span><\/a><span style=\"color: #000000\"><span style=\"font-family: DejaVu Sans, sans-serif\"><span style=\"font-size: small\">)<\/span><\/span><\/span><\/p>\n<p>&nbsp;<\/p>\n<p class=\"western\"><span style=\"font-family: DejaVu Sans, sans-serif\"><span style=\"font-size: small\"><b>Fluggastrechte: Vorrang f\u00fcr Menschen mit Handicap. <\/b><\/span><span style=\"font-size: small\">Wer in seiner Mobilit\u00e4t eingeschr\u00e4nkt ist, muss Unterst\u00fctzung von der Airline bekommen, so eine aktuelle Entscheidung des Bundesgerichtshofs<\/span><\/span><\/p>\n<p class=\"western\"><span style=\"color: #000000\"><span style=\"font-family: DejaVu Sans, sans-serif\"><span style=\"font-size: small\"><i>Von Marc Reisner<\/i><\/span><\/span><\/span> <span style=\"color: #000000\"><span style=\"font-family: DejaVu Sans, sans-serif\"><span style=\"font-size: small\">(3<\/span><\/span><\/span><span style=\"color: #000000\"><span style=\"font-family: DejaVu Sans, sans-serif\"><span style=\"font-size: small\">296 <\/span><\/span><\/span><span style=\"color: #000000\"><span style=\"font-family: DejaVu Sans, sans-serif\"><span style=\"font-size: small\">Zeichen \u2013 Bilder:<\/span><\/span><\/span><a href=\"http:\/\/www.srt-text.de\/\"><u> <\/u><span style=\"color: #000080\"><span lang=\"zxx\"><u><span style=\"color: #000000\"><span style=\"font-family: DejaVu Sans, sans-serif\"><span style=\"font-size: small\">www.srt-text.de<\/span><\/span><\/span><\/u><\/span><\/span><\/a><span style=\"color: #000000\"><span style=\"font-family: DejaVu Sans, sans-serif\"><span style=\"font-size: small\">)<\/span><\/span><\/span><\/p>\n<p>&nbsp;<\/p>\n<p class=\"western\"><span style=\"font-family: DejaVu Sans, sans-serif\"><span style=\"font-size: small\"><b>Flugzeug-Knigge: Mit R\u00fccksicht gegen R\u00fcpel. <\/b><\/span><span style=\"font-size: small\">Angesichts der vielen Krisen ist der Umgangston im Alltag rauer geworden, auch an Bord. Das beste Gegenmittel: R\u00fccksicht und H\u00f6flichkeit &#8211; ein paar Tipps f\u00fcr ein friedliches Miteinander<\/span><\/span><\/p>\n<p class=\"western\"><span style=\"color: #000000\"><span style=\"font-family: DejaVu Sans, sans-serif\"><span style=\"font-size: small\"><i>Von Tinga Horny <\/i><\/span><\/span><\/span><span style=\"color: #000000\"><span style=\"font-family: DejaVu Sans, sans-serif\"><span style=\"font-size: small\">(50<\/span><\/span><\/span><span style=\"color: #000000\"><span style=\"font-family: DejaVu Sans, sans-serif\"><span style=\"font-size: small\">34<\/span><\/span><\/span><span style=\"color: #000000\"><span style=\"font-family: DejaVu Sans, sans-serif\"><span style=\"font-size: small\"> Zeichen \u2013 Bilder:<\/span><\/span><\/span><u> <\/u><span style=\"color: #000080\"><span lang=\"zxx\"><u><a href=\"http:\/\/www.srt-text.de\/\"><span style=\"color: #000000\"><span style=\"font-family: DejaVu Sans, sans-serif\"><span style=\"font-size: small\">www.srt-text.de<\/span><\/span><\/span><\/a><\/u><\/span><\/span><span style=\"color: #000000\"><span style=\"font-family: DejaVu Sans, sans-serif\"><span style=\"font-size: small\">)<\/span><\/span><\/span><\/p>\n<p>&nbsp;<\/p>\n<p class=\"western\"><span style=\"font-family: DejaVu Sans, sans-serif\"><span style=\"font-size: small\"><b>Asturien: Unterirdische Schornsteine und schillernde Gletscherseen. <\/b><\/span><span style=\"font-size: small\">Das F\u00fcrstentum im Nordwesten Spaniens hat so ziemlich alles, was die Welt nicht mit dem Land in Verbindung bringt: wilde K\u00fcsten, hohe Berge, gewaltige Naturph\u00e4nomene und eine grandiose Artenvielfalt<\/span><\/span><\/p>\n<p class=\"western\"><span style=\"color: #000000\"><span style=\"font-family: DejaVu Sans, sans-serif\"><span style=\"font-size: small\"><i>Von Susanne Freitag <\/i><\/span><\/span><\/span><span style=\"color: #000000\"><span style=\"font-family: DejaVu Sans, sans-serif\"><span style=\"font-size: small\">(<\/span><\/span><\/span><span style=\"color: #000000\"><span style=\"font-family: DejaVu Sans, sans-serif\"><span style=\"font-size: small\">5999<\/span><\/span><\/span><span style=\"color: #000000\"><span style=\"font-family: DejaVu Sans, sans-serif\"><span style=\"font-size: small\"> Zeichen plus Infoteil \u2013 Bilder:<\/span><\/span><\/span><u> <\/u><span style=\"color: #000080\"><span lang=\"zxx\"><u><a href=\"http:\/\/www.srt-text.de\/\"><span style=\"color: #000000\"><span style=\"font-family: DejaVu Sans, sans-serif\"><span style=\"font-size: small\">www.srt-text.de<\/span><\/span><\/span><\/a><\/u><\/span><\/span><span style=\"color: #000000\"><span style=\"font-family: DejaVu Sans, sans-serif\"><span style=\"font-size: small\">)<\/span><\/span><\/span><\/p>\n<p>&nbsp;<\/p>\n<p class=\"western\"><span style=\"font-family: DejaVu Sans, sans-serif\"><span style=\"font-size: small\"><b>Wal-Bekanntschaften weltweit: Auge in Auge mit den Meeresriesen. <\/b><\/span><span style=\"font-size: small\">Sie sind die gr\u00f6\u00dften Meeress\u00e4uger der Welt. Wir haben recherchiert, wo die Chancen auf Walbeobachtungen am besten stehen \u2013 von Schottland \u00fcber die Azoren bis Alaska nach Hawaii<\/span><\/span><\/p>\n<p class=\"western\"><span style=\"color: #000000\"><span style=\"font-family: DejaVu Sans, sans-serif\"><span style=\"font-size: small\"><i>Von Brigitte von Imhof <\/i><\/span><\/span><\/span><span style=\"color: #000000\"><span style=\"font-family: DejaVu Sans, sans-serif\"><span style=\"font-size: small\">(5<\/span><\/span><\/span><span style=\"color: #000000\"><span style=\"font-family: DejaVu Sans, sans-serif\"><span style=\"font-size: small\">680<\/span><\/span><\/span><span style=\"color: #000000\"><span style=\"font-family: DejaVu Sans, sans-serif\"><span style=\"font-size: small\"> Zeichen \u2013 Bilder:<\/span><\/span><\/span><a href=\"http:\/\/www.srt-text.de\/\"><u> <\/u><span style=\"color: #000080\"><span lang=\"zxx\"><u><span style=\"color: #000000\"><span style=\"font-family: DejaVu Sans, sans-serif\"><span style=\"font-size: small\">www.srt-text.de<\/span><\/span><\/span><\/u><\/span><\/span><\/a><span style=\"color: #000000\"><span style=\"font-family: DejaVu Sans, sans-serif\"><span style=\"font-size: small\">)<\/span><\/span><\/span><\/p>\n<p>&nbsp;<\/p>\n<p class=\"western\"><span style=\"font-family: DejaVu Sans, sans-serif\"><span style=\"font-size: small\"><b>St\u00e4dtealternativen: Bologna statt Rom, Augsburg statt M\u00fcnchen. <\/b><\/span><span style=\"font-size: small\">Viele St\u00e4dtebummler haben die Gro\u00dfstadtkracher bereits gesehen oder m\u00f6gen es gerne ein wenig ruhiger, weniger \u00fcberlaufen, authentischer. Kleinere St\u00e4dtealternativen k\u00f6nnen mit ihren gro\u00dfen Schwestern durchaus mithalten. Oder sie sogar \u00fcbertreffen<\/span><\/span><\/p>\n<p class=\"western\"><span style=\"color: #000000\"><span style=\"font-family: DejaVu Sans, sans-serif\"><span style=\"font-size: small\"><i>Von Sandra Ehegartner<\/i><\/span><\/span><\/span> <span style=\"color: #000000\"><span style=\"font-family: DejaVu Sans, sans-serif\"><span style=\"font-size: small\">(7<\/span><\/span><\/span><span style=\"color: #000000\"><span style=\"font-family: DejaVu Sans, sans-serif\"><span style=\"font-size: small\">779<\/span><\/span><\/span><span style=\"color: #000000\"><span style=\"font-family: DejaVu Sans, sans-serif\"><span style=\"font-size: small\"> Zeichen plus Infoteil \u2013 Bilder:<\/span><\/span><\/span><u> <\/u><span style=\"color: #000080\"><span lang=\"zxx\"><u><a href=\"http:\/\/www.srt-text.de\/\"><span style=\"color: #000000\"><span style=\"font-family: DejaVu Sans, sans-serif\"><span style=\"font-size: small\">www.srt-text.de<\/span><\/span><\/span><\/a><\/u><\/span><\/span><span style=\"color: #000000\"><span style=\"font-family: DejaVu Sans, sans-serif\"><span style=\"font-size: small\">)<\/span><\/span><\/span><\/p>\n<p>&nbsp;<\/p>\n<p class=\"western\"><span style=\"font-family: DejaVu Sans, sans-serif\"><span style=\"font-size: small\"><b>Weinreisen: Auf Reben gebettet. <\/b><\/span><span style=\"font-size: small\">Dem Schilcher auf der Spur, auf Weinwanderung oder gleich im Weinfass \u00fcbernachten &#8211; sechs Urlaubsideen rund um den edlen Traubensaft<\/span><\/span><\/p>\n<p class=\"western\"><span style=\"color: #000000\"><span style=\"font-family: DejaVu Sans, sans-serif\"><span style=\"font-size: small\"><i>Von Sabine Metzger <\/i><\/span><\/span><\/span><span style=\"color: #000000\"><span style=\"font-family: DejaVu Sans, sans-serif\"><span style=\"font-size: small\">(6<\/span><\/span><\/span><span style=\"color: #000000\"><span style=\"font-family: DejaVu Sans, sans-serif\"><span style=\"font-size: small\">056<\/span><\/span><\/span><span style=\"color: #000000\"><span style=\"font-family: DejaVu Sans, sans-serif\"><span style=\"font-size: small\"> Zeichen plus Infoteil \u2013 Bilder:<\/span><\/span><\/span><a href=\"http:\/\/www.srt-text.de\/\"><u> <\/u><span style=\"color: #000080\"><span lang=\"zxx\"><u><span style=\"color: #000000\"><span style=\"font-family: DejaVu Sans, sans-serif\"><span style=\"font-size: small\">www.srt-text.de<\/span><\/span><\/span><\/u><\/span><\/span><\/a><span style=\"color: #000000\"><span style=\"font-family: DejaVu Sans, sans-serif\"><span style=\"font-size: small\">)<\/span><\/span><\/span><\/p>\n<p>&nbsp;<\/p>\n<p class=\"western\"><span style=\"font-family: DejaVu Sans, sans-serif\"><span style=\"font-size: small\"><b>Gipfel mit Bett: Diese H\u00fctten und Hotels bieten spektakul\u00e4re Ausblicke. <\/b><\/span><span style=\"font-size: small\">Aufwachen mit Bergpanorama, sich an der Aussicht satt sehen und viel sp\u00e4ter zuschauen, wie sich die Sonne \u00fcber markante Grate und sch\u00f6ne T\u00e4ler senkt.<\/span><\/span><\/p>\n<p class=\"western\"><span style=\"color: #000000\"><span style=\"font-family: DejaVu Sans, sans-serif\"><span style=\"font-size: small\"><i>Von Heidi Siefert <\/i><\/span><\/span><\/span><span style=\"color: #000000\"><span style=\"font-family: DejaVu Sans, sans-serif\"><span style=\"font-size: small\">(<\/span><\/span><\/span><span style=\"color: #000000\"><span style=\"font-family: DejaVu Sans, sans-serif\"><span style=\"font-size: small\">9090<\/span><\/span><\/span><span style=\"color: #000000\"><span style=\"font-family: DejaVu Sans, sans-serif\"><span style=\"font-size: small\"> Zeichen \u2013 Bilder:<\/span><\/span><\/span><u> <\/u><span style=\"color: #000080\"><span lang=\"zxx\"><u><a href=\"http:\/\/www.srt-text.de\/\"><span style=\"color: #000000\"><span style=\"font-family: DejaVu Sans, sans-serif\"><span style=\"font-size: small\">www.srt-text.de<\/span><\/span><\/span><\/a><\/u><\/span><\/span><span style=\"color: #000000\"><span style=\"font-family: DejaVu Sans, sans-serif\"><span style=\"font-size: small\">)<\/span><\/span><\/span><\/p>\n<p>&nbsp;<\/p>\n<p class=\"western\"><span style=\"font-family: DejaVu Sans, sans-serif\"><span style=\"font-size: small\"><b>Musikreihe in den Dolomiten: Die Berge als Konzertsaal. <\/b><\/span><span style=\"font-size: small\">Von Jazz \u00fcber Klassik bis zur Weltmusik, von Solo-K\u00fcnstler \u00fcber Streichquartett bis zum Orchester \u2013 \u201eDie Kl\u00e4nge der Dolomiten\u201c, die etwas andere Konzertreihe in den Trentiner Bergen, findet in diesem Jahr bereits zum 28. Mal statt.<\/span><\/span><\/p>\n<p class=\"western\"><span style=\"color: #000000\"><span style=\"font-family: DejaVu Sans, sans-serif\"><span style=\"font-size: small\"><i>Von Armin Herb<\/i><\/span><\/span><\/span> <span style=\"color: #000000\"><span style=\"font-family: DejaVu Sans, sans-serif\"><span style=\"font-size: small\">(37<\/span><\/span><\/span><span style=\"color: #000000\"><span style=\"font-family: DejaVu Sans, sans-serif\"><span style=\"font-size: small\">2<\/span><\/span><\/span><span style=\"color: #000000\"><span style=\"font-family: DejaVu Sans, sans-serif\"><span style=\"font-size: small\">0 Zeichen \u2013 Bilder:<\/span><\/span><\/span><u> <\/u><span style=\"color: #000080\"><span lang=\"zxx\"><u><a href=\"http:\/\/www.srt-text.de\/\"><span style=\"color: #000000\"><span style=\"font-family: DejaVu Sans, sans-serif\"><span style=\"font-size: small\">www.srt-text.de<\/span><\/span><\/span><\/a><\/u><\/span><\/span><span style=\"color: #000000\"><span style=\"font-family: DejaVu Sans, sans-serif\"><span style=\"font-size: small\">)<\/span><\/span><\/span><\/p>\n<p>&nbsp;<\/p>\n<p class=\"western\"><span style=\"font-family: DejaVu Sans, sans-serif\"><span style=\"font-size: small\"><b>Urlaubsziel Hochzeit: Heiraten wie im M\u00e4rchen. <\/b>D<\/span><span style=\"font-size: small\">ie sch\u00f6nsten Orte f\u00fcr Kurzurlaube oder Tagesausfl\u00fcge sind oft auch die romantischsten Hochzeits-Locations<\/span><\/span><\/p>\n<p class=\"western\"><span style=\"color: #000000\"><span style=\"font-family: DejaVu Sans, sans-serif\"><span style=\"font-size: small\"><i>Von Gerhard von Kapff<\/i><\/span><\/span><\/span> <span style=\"color: #000000\"><span style=\"font-family: DejaVu Sans, sans-serif\"><span style=\"font-size: small\">(36<\/span><\/span><\/span><span style=\"color: #000000\"><span style=\"font-family: DejaVu Sans, sans-serif\"><span style=\"font-size: small\">21<\/span><\/span><\/span><span style=\"color: #000000\"><span style=\"font-family: DejaVu Sans, sans-serif\"><span style=\"font-size: small\"> Zeichen plus Infoteil \u2013 Bilder:<\/span><\/span><\/span><u> <\/u><span style=\"color: #000080\"><span lang=\"zxx\"><u><a href=\"http:\/\/www.srt-text.de\/\"><span style=\"color: #000000\"><span style=\"font-family: DejaVu Sans, sans-serif\"><span style=\"font-size: small\">www.srt-text.de<\/span><\/span><\/span><\/a><\/u><\/span><\/span><span style=\"color: #000000\"><span style=\"font-family: DejaVu Sans, sans-serif\"><span style=\"font-size: small\">)<\/span><\/span><\/span><\/p>\n<p>&nbsp;<\/p>\n<p class=\"western\"><span style=\"font-family: DejaVu Sans, sans-serif\"><span style=\"font-size: small\"><b>Hotel \u00fcberbucht: Wenn im reservierten Bett ein anderer liegt. <\/b><\/span><span style=\"font-size: small\">Nur keine Panik, wenn im Hotel das gebuchte Zimmer bereits belegt ist. Oft bekommt man dann sogar ein besseres. Und mit etwas Gl\u00fcck auch noch eine Entsch\u00e4digung dazu<\/span><\/span><\/p>\n<p class=\"western\"><span style=\"color: #000000\"><span style=\"font-family: DejaVu Sans, sans-serif\"><span style=\"font-size: small\">Von Hans-Werner Rodrian (<\/span><\/span><\/span><span style=\"color: #000000\"><span style=\"font-family: DejaVu Sans, sans-serif\"><span style=\"font-size: small\">6173<\/span><\/span><\/span><span style=\"color: #000000\"><span style=\"font-family: DejaVu Sans, sans-serif\"><span style=\"font-size: small\"> Zeichen \u2013 Bilder: <\/span><\/span><\/span><span style=\"color: #000080\"><span lang=\"zxx\"><u><a href=\"http:\/\/www.srt-text.de\/\"><span style=\"color: #000000\"><span style=\"font-family: DejaVu Sans, sans-serif\"><span style=\"font-size: small\">www.srt-text.de<\/span><\/span><\/span><\/a><\/u><\/span><\/span><span style=\"color: #000000\"><span style=\"font-family: DejaVu Sans, sans-serif\"><span style=\"font-size: small\">)<\/span><\/span><\/span><\/p>\n<p class=\"western\" align=\"center\"><span style=\"font-family: DejaVu Sans, sans-serif\"><span style=\"font-size: small\"><b>KURZ GEMELDET<\/b><\/span><\/span><\/p>\n<p class=\"western\"><span style=\"font-family: DejaVu Sans, sans-serif\"><span style=\"font-size: small\">S\u00fcdtirol: Gro\u00dfe B\u00fchne f\u00fcr den Grauk\u00e4se<\/span><\/span><\/p>\n<p class=\"western\"><span style=\"font-family: DejaVu Sans, sans-serif\"><span style=\"font-size: small\">Schweiz: Ein Hotel zur Miete<\/span><\/span><\/p>\n<p class=\"western\"><span style=\"font-family: DejaVu Sans, sans-serif\"><span style=\"font-size: small\">Urlaub: Kuscheln im schwebenden Kokon<\/span><\/span><\/p>\n<p class=\"western\"><span style=\"font-family: DejaVu Sans, sans-serif\"><span style=\"font-size: small\">Frankreich: Castelnaudary feiert das Cassoulet<\/span><\/span><\/p>\n<p class=\"western\"><span style=\"font-family: DejaVu Sans, sans-serif\"><span style=\"font-size: small\">Polen: Neuer Autotunnel verbindet Nachbarinseln<\/span><\/span><\/p>\n<p class=\"western\"><span style=\"font-family: DejaVu Sans, sans-serif\"><span style=\"font-size: small\">Bali: Einreisegeb\u00fchr ab 2024<\/span><\/span><\/p>\n<p class=\"western\"><span style=\"font-family: DejaVu Sans, sans-serif\"><span style=\"font-size: small\">Sommer: Hitze kein Grund f\u00fcr Reiser\u00fccktritt<\/span><\/span><\/p>\n<p class=\"western\"><span style=\"font-family: DejaVu Sans, sans-serif\"><span style=\"font-size: small\">Filzmoos: Bilderbuchweg f\u00fcr kleine Moor-Entdecker<\/span><\/span><\/p>\n<p class=\"western\"><span style=\"font-family: DejaVu Sans, sans-serif\"><span style=\"font-size: small\">Israel: Zeitreise an der Klagemauer<\/span><\/span><\/p>\n<p class=\"western\"><span style=\"font-family: DejaVu Sans, sans-serif\"><span style=\"font-size: small\">M\u00fcnchen: Zeitreise mit Bierprobe<\/span><\/span><\/p>\n<p class=\"western\"><span style=\"font-family: DejaVu Sans, sans-serif\"><span style=\"font-size: small\">Schladming: Kunstprojekt am Rittisberg<\/span><\/span><\/p>\n<p class=\"western\"><span style=\"font-family: DejaVu Sans, sans-serif\"><span style=\"font-size: small\">Amsterdam: Schlechte Zeiten f\u00fcr Kreuzfahrtschiffe<\/span><\/span><\/p>\n<p class=\"western\" align=\"center\"><span style=\"font-family: DejaVu Sans, sans-serif\"><span style=\"font-size: small\"><b>BUCHBESPRECHUNG<\/b><\/span><\/span><\/p>\n<p class=\"western\"><span style=\"font-family: DejaVu Sans, sans-serif\"><span style=\"font-size: small\"><b>Mehr Adrenalin vor der Haust\u00fcr. <\/b><\/span><span style=\"font-size: small\">Eisbaden, House Running, Wanderreiten: Lonely Planet pr\u00e4sentiert in Bild und Text \u201eLegend\u00e4re Outdoor-Abenteuer in Deutschland\u201c<\/span><\/span><\/p>\n<p class=\"western\"><span style=\"color: #000000\"><span style=\"font-family: DejaVu Sans, sans-serif\"><span style=\"font-size: small\"><i>Von Simone F. Lucas<\/i><\/span><\/span><\/span> <span style=\"color: #000000\"><span style=\"font-family: DejaVu Sans, sans-serif\"><span style=\"font-size: small\">(17<\/span><\/span><\/span><span style=\"color: #000000\"><span style=\"font-family: DejaVu Sans, sans-serif\"><span style=\"font-size: small\">79<\/span><\/span><\/span><span style=\"color: #000000\"><span style=\"font-family: DejaVu Sans, sans-serif\"><span style=\"font-size: small\"> Zeichen \u2013 Buchcover:<\/span><\/span><\/span><u> <\/u><span style=\"color: #000080\"><span lang=\"zxx\"><u><a href=\"http:\/\/www.srt-text.de\/\"><span style=\"color: #000000\"><span style=\"font-family: DejaVu Sans, sans-serif\"><span style=\"font-size: small\">www.srt-text.de<\/span><\/span><\/span><\/a><\/u><\/span><\/span><span style=\"color: #000000\"><span style=\"font-family: DejaVu Sans, sans-serif\"><span style=\"font-size: small\">)<\/span><\/span><\/span><\/p>\n<p class=\"western\"><span style=\"font-family: DejaVu Sans, sans-serif\"><span style=\"font-size: small\"><i>Textredaktion dieser Woche: Hans-Werner Rodrian, Co-Redaktion: Franz Michael Rohm<\/i><\/span><\/span><\/p>\n","protected":false},"excerpt":{"rendered":"<p>48 Stunden in Wien: Unterwegs zwischen Riesenrad und Schneckenh\u00e4uschen. Wien f\u00fchrt erneut die Rangliste der 10 lebenswertesten St\u00e4dte der Welt an. Dem Charme der Stadt erliegen Reisende beim Erkunden von Gassen, Pl\u00e4tzen und Parks, beim Besuch einer Schneckenfarm, in den legend\u00e4ren Caf\u00e9s und in einer Buschenschank Von Sybille Boolakee (6960<a href=\"https:\/\/www.srt-partner.de\/index.php\/kw-31-versendet-am-31-07-2023\/\" class=\"read-more\">Read More&#8230;<\/a><\/p>\n","protected":false},"author":7,"featured_media":0,"comment_status":"closed","ping_status":"closed","sticky":false,"template":"","format":"standard","meta":{"footnotes":""},"categories":[12],"tags":[],"class_list":["post-3080","post","type-post","status-publish","format-standard","hentry","category-texte"],"aioseo_notices":[],"_links":{"self":[{"href":"https:\/\/www.srt-partner.de\/index.php\/wp-json\/wp\/v2\/posts\/3080","targetHints":{"allow":["GET"]}}],"collection":[{"href":"https:\/\/www.srt-partner.de\/index.php\/wp-json\/wp\/v2\/posts"}],"about":[{"href":"https:\/\/www.srt-partner.de\/index.php\/wp-json\/wp\/v2\/types\/post"}],"author":[{"embeddable":true,"href":"https:\/\/www.srt-partner.de\/index.php\/wp-json\/wp\/v2\/users\/7"}],"replies":[{"embeddable":true,"href":"https:\/\/www.srt-partner.de\/index.php\/wp-json\/wp\/v2\/comments?post=3080"}],"version-history":[{"count":1,"href":"https:\/\/www.srt-partner.de\/index.php\/wp-json\/wp\/v2\/posts\/3080\/revisions"}],"predecessor-version":[{"id":3081,"href":"https:\/\/www.srt-partner.de\/index.php\/wp-json\/wp\/v2\/posts\/3080\/revisions\/3081"}],"wp:attachment":[{"href":"https:\/\/www.srt-partner.de\/index.php\/wp-json\/wp\/v2\/media?parent=3080"}],"wp:term":[{"taxonomy":"category","embeddable":true,"href":"https:\/\/www.srt-partner.de\/index.php\/wp-json\/wp\/v2\/categories?post=3080"},{"taxonomy":"post_tag","embeddable":true,"href":"https:\/\/www.srt-partner.de\/index.php\/wp-json\/wp\/v2\/tags?post=3080"}],"curies":[{"name":"wp","href":"https:\/\/api.w.org\/{rel}","templated":true}]}}