{"id":3231,"date":"2024-07-29T09:20:50","date_gmt":"2024-07-29T09:20:50","guid":{"rendered":"https:\/\/www.srt-partner.de\/?p=3231"},"modified":"2024-07-29T09:20:50","modified_gmt":"2024-07-29T09:20:50","slug":"kw-31-versendet-am-29-07-2024","status":"publish","type":"post","link":"https:\/\/www.srt-partner.de\/index.php\/kw-31-versendet-am-29-07-2024\/","title":{"rendered":"KW 31, versendet am 29. 07. 2024"},"content":{"rendered":"<p class=\"western\"><span style=\"font-family: DejaVu Sans, sans-serif\"><span style=\"font-size: small\"><b>Flughafennamen im Wechselspiel: Im Anflug auf Berlusconi. <\/b><\/span><span style=\"font-size: small\">St\u00e4ndig werden Flugh\u00e4fen umbenannt, meist nach mehr oder minder ber\u00fchmten Menschen wie jetzt Mailands Flughafen Malpenso. Passagieren bietet das die M\u00f6glichkeit einer Zickzack-Reise zwischen toten Abenteurern und h\u00f6chst lebendigen Fu\u00dfballern\u00a0<\/span><\/span><\/p>\n<p class=\"western\"><span style=\"color: #000000\"><span style=\"font-family: DejaVu Sans, sans-serif\"><span style=\"font-size: small\"><i>Von Hans-Werner Rodrian <\/i><\/span><\/span><\/span><span style=\"color: #000000\"><span style=\"font-family: DejaVu Sans, sans-serif\"><span style=\"font-size: small\">(55<\/span><\/span><\/span><span style=\"color: #000000\"><span style=\"font-family: DejaVu Sans, sans-serif\"><span style=\"font-size: small\">51<\/span><\/span><\/span><span style=\"color: #000000\"><span style=\"font-family: DejaVu Sans, sans-serif\"><span style=\"font-size: small\"> Zeichen \u2013 Bilder: <\/span><\/span><\/span><span style=\"color: #000080\"><span lang=\"zxx\"><u><a href=\"http:\/\/www.srt-text.de\/\"><span style=\"color: #000000\"><span style=\"font-family: DejaVu Sans, sans-serif\"><span style=\"font-size: small\">www.srt-text.de<\/span><\/span><\/span><\/a><\/u><\/span><\/span><span style=\"color: #000000\"><span style=\"font-family: DejaVu Sans, sans-serif\"><span style=\"font-size: small\">)<\/span><\/span><\/span><\/p>\n<p class=\"western\"><span style=\"font-family: DejaVu Sans, sans-serif\"><span style=\"font-size: small\"><b>Bayerns attraktivste Radwege: Bierg\u00e4rten, K\u00f6nigsschl\u00f6sser und viele Seen.<\/b><\/span> <span style=\"font-size: small\">Der Deutschen liebste Radregion liegt im S\u00fcden. Nicht nur am Alpenrand f\u00fchren viele Routen durch wahre Bilderbuchlandschaften. Sechs Tipps\u00a0<\/span><\/span><\/p>\n<p class=\"western\"><span style=\"color: #000000\"><span style=\"font-family: DejaVu Sans, sans-serif\"><span style=\"font-size: small\"><i>Von Armin Herb<\/i><\/span><\/span><\/span> <span style=\"color: #000000\"><span style=\"font-family: DejaVu Sans, sans-serif\"><span style=\"font-size: small\">(73<\/span><\/span><\/span><span style=\"color: #000000\"><span style=\"font-family: DejaVu Sans, sans-serif\"><span style=\"font-size: small\">24<\/span><\/span><\/span><span style=\"color: #000000\"><span style=\"font-family: DejaVu Sans, sans-serif\"><span style=\"font-size: small\"> Zeichen \u2013 Bilder: <\/span><\/span><\/span><span style=\"color: #000080\"><span lang=\"zxx\"><u><a href=\"http:\/\/www.srt-text.de\/\"><span style=\"color: #000000\"><span style=\"font-family: DejaVu Sans, sans-serif\"><span style=\"font-size: small\">www.srt-text.de<\/span><\/span><\/span><\/a><\/u><\/span><\/span><span style=\"color: #000000\"><span style=\"font-family: DejaVu Sans, sans-serif\"><span style=\"font-size: small\">)<\/span><\/span><\/span><\/p>\n<p class=\"western\"><span style=\"font-family: DejaVu Sans, sans-serif\"><span style=\"font-size: small\"><b>Kleine Kykladen: Hundert hellblaue St\u00fchlchen.<\/b><\/span> <span style=\"font-size: small\">Die griechische Insel Folegandros ist so etwas wie der stille Gegenentwurf zum quirligen Nachbarn Santorin \u2013 ein idealer Ort, um innezuhalten\u00a0\u00a0<\/span><\/span><\/p>\n<p class=\"western\"><span style=\"color: #000000\"><span style=\"font-family: DejaVu Sans, sans-serif\"><span style=\"font-size: small\"><i>Von Helge Sobik<\/i><\/span><\/span><\/span> <span style=\"color: #000000\"><span style=\"font-family: DejaVu Sans, sans-serif\"><span style=\"font-size: small\">(5<\/span><\/span><\/span><span style=\"color: #000000\"><span style=\"font-family: DejaVu Sans, sans-serif\"><span style=\"font-size: small\">589<\/span><\/span><\/span><span style=\"color: #000000\"><span style=\"font-family: DejaVu Sans, sans-serif\"><span style=\"font-size: small\"> Zeichen \u2013 Bilder: <\/span><\/span><\/span><span style=\"color: #000080\"><span lang=\"zxx\"><u><a href=\"http:\/\/www.srt-text.de\/\"><span style=\"color: #000000\"><span style=\"font-family: DejaVu Sans, sans-serif\"><span style=\"font-size: small\">www.srt-text.de<\/span><\/span><\/span><\/a><\/u><\/span><\/span><span style=\"color: #000000\"><span style=\"font-family: DejaVu Sans, sans-serif\"><span style=\"font-size: small\">)<\/span><\/span><\/span><\/p>\n<p class=\"western\"><span style=\"font-family: DejaVu Sans, sans-serif\"><span style=\"font-size: small\"><b>Brijuni-Inseln in Istrien: In Titos Cadillac zu den Zebras. <\/b><\/span><span style=\"font-size: small\">Von der Promi-Insel zum Nationalpark: Einst hie\u00df Jugoslawiens Staatsoberhaupt Tito illustre G\u00e4ste auf der Insel Brijuni vor der Westk\u00fcste Istriens willkommen. Heute d\u00fcrfen sogar Normalsterbliche dessen Cadillac mieten\u00a0<\/span><\/span><\/p>\n<p class=\"western\"><span style=\"color: #000000\"><span style=\"font-family: DejaVu Sans, sans-serif\"><span style=\"font-size: small\"><i>Von Hannah Herger <\/i><\/span><\/span><\/span><span style=\"color: #000000\"><span style=\"font-family: DejaVu Sans, sans-serif\"><span style=\"font-size: small\">(8<\/span><\/span><\/span><span style=\"color: #000000\"><span style=\"font-family: DejaVu Sans, sans-serif\"><span style=\"font-size: small\">781<\/span><\/span><\/span><span style=\"color: #000000\"><span style=\"font-family: DejaVu Sans, sans-serif\"><span style=\"font-size: small\"> Zeichen plus Infokasten \u2013 Bilder: <\/span><\/span><\/span><span style=\"color: #000080\"><span lang=\"zxx\"><u><a href=\"http:\/\/www.srt-text.de\/\"><span style=\"color: #000000\"><span style=\"font-family: DejaVu Sans, sans-serif\"><span style=\"font-size: small\">www.srt-text.de<\/span><\/span><\/span><\/a><\/u><\/span><\/span><span style=\"color: #000000\"><span style=\"font-family: DejaVu Sans, sans-serif\"><span style=\"font-size: small\">)<\/span><\/span><\/span><\/p>\n<p class=\"western\"><span style=\"font-family: DejaVu Sans, sans-serif\"><span style=\"font-size: small\"><b>Fan- und Feierzonen in Paris: Dabei sein ist alles!<\/b><\/span> <span style=\"font-size: small\">Bis zum 11. August steht Paris ganz im Zeichen der Olympischen Spiele. Auch f\u00fcr Olympiafans ohne Tickets bietet Frankreichs Hauptstadt viele M\u00f6glichkeiten, die Wettk\u00e4mpfe zu verfolgen und den Olympischen Geist zu sp\u00fcren\u00a0<\/span><\/span><\/p>\n<p class=\"western\"><span style=\"color: #000000\"><span style=\"font-family: DejaVu Sans, sans-serif\"><span style=\"font-size: small\"><i>Von Sandra Ehegartner <\/i><\/span><\/span><\/span><span style=\"color: #000000\"><span style=\"font-family: DejaVu Sans, sans-serif\"><span style=\"font-size: small\">(60<\/span><\/span><\/span><span style=\"color: #000000\"><span style=\"font-family: DejaVu Sans, sans-serif\"><span style=\"font-size: small\">73<\/span><\/span><\/span><span style=\"color: #000000\"><span style=\"font-family: DejaVu Sans, sans-serif\"><span style=\"font-size: small\"> Zeichen \u2013 Bilder: <\/span><\/span><\/span><span style=\"color: #000080\"><span lang=\"zxx\"><u><a href=\"http:\/\/www.srt-text.de\/\"><span style=\"color: #000000\"><span style=\"font-family: DejaVu Sans, sans-serif\"><span style=\"font-size: small\">www.srt-text.de<\/span><\/span><\/span><\/a><\/u><\/span><\/span><span style=\"color: #000000\"><span style=\"font-family: DejaVu Sans, sans-serif\"><span style=\"font-size: small\">)<\/span><\/span><\/span><\/p>\n<p class=\"western\"><span style=\"font-family: DejaVu Sans, sans-serif\"><span style=\"font-size: small\"><b>Kanutrekking in Kanada: Yes, Yukon!<\/b><\/span> <span style=\"font-size: small\">Wo einst Goldsucher zum Klondike aufgebrochen sind, berauschen sich heutzutage Paddler an mehrt\u00e4gigen Touren auf dem m\u00e4chtigen und doch leicht zu befahrenden Yukon. F\u00fcr Kicks sorgen auch Tier- und Polarlichtsichtungen sowie der Reiz des Wildcampens\u00a0<\/span><\/span><\/p>\n<p class=\"western\"><span style=\"color: #000000\"><span style=\"font-family: DejaVu Sans, sans-serif\"><span style=\"font-size: small\"><i>Von Christian Haas <\/i><\/span><\/span><\/span><span style=\"color: #000000\"><span style=\"font-family: DejaVu Sans, sans-serif\"><span style=\"font-size: small\">(99<\/span><\/span><\/span><span style=\"color: #000000\"><span style=\"font-family: DejaVu Sans, sans-serif\"><span style=\"font-size: small\">37<\/span><\/span><\/span><span style=\"color: #000000\"><span style=\"font-family: DejaVu Sans, sans-serif\"><span style=\"font-size: small\"> Zeichen \u2013 Bilder: <\/span><\/span><\/span><span style=\"color: #000080\"><span lang=\"zxx\"><u><a href=\"http:\/\/www.srt-text.de\/\"><span style=\"color: #000000\"><span style=\"font-family: DejaVu Sans, sans-serif\"><span style=\"font-size: small\">www.srt-text.de<\/span><\/span><\/span><\/a><\/u><\/span><\/span><span style=\"color: #000000\"><span style=\"font-family: DejaVu Sans, sans-serif\"><span style=\"font-size: small\">)<\/span><\/span><\/span><\/p>\n<p class=\"western\"><span style=\"font-family: DejaVu Sans, sans-serif\"><span style=\"font-size: small\"><b>Kitsch oder Kunst? Lila Schmetterlinge sind der neue Prager Foto-Hotspot. <\/b><\/span><span style=\"font-size: small\">Riesenbabys, pinkelnde M\u00e4nner, rotierende K\u00f6pfe: Der K\u00fcnstler David \u010cern\u00fd ist in seiner Heimatstadt an vielen Orten pr\u00e4sent. Auch sein j\u00fcngstes Werk macht Schlagzeilen\u00a0<\/span><\/span><\/p>\n<p class=\"western\"><span style=\"color: #000000\"><span style=\"font-family: DejaVu Sans, sans-serif\"><span style=\"font-size: small\"><i>Von Sibylle von Kamptz<\/i><\/span><\/span><\/span> <span style=\"color: #000000\"><span style=\"font-family: DejaVu Sans, sans-serif\"><span style=\"font-size: small\">(<\/span><\/span><\/span><span style=\"color: #000000\"><span style=\"font-family: DejaVu Sans, sans-serif\"><span style=\"font-size: small\">3952<\/span><\/span><\/span><span style=\"color: #000000\"><span style=\"font-family: DejaVu Sans, sans-serif\"><span style=\"font-size: small\"> Zeichen \u2013 Bilder: <\/span><\/span><\/span><span style=\"color: #000080\"><span lang=\"zxx\"><u><a href=\"http:\/\/www.srt-text.de\/\"><span style=\"color: #000000\"><span style=\"font-family: DejaVu Sans, sans-serif\"><span style=\"font-size: small\">www.srt-text.de<\/span><\/span><\/span><\/a><\/u><\/span><\/span><span style=\"color: #000000\"><span style=\"font-family: DejaVu Sans, sans-serif\"><span style=\"font-size: small\">)<\/span><\/span><\/span><\/p>\n<p class=\"western\"><span style=\"font-family: DejaVu Sans, sans-serif\"><span style=\"font-size: small\"><b>Dubais Altstadt: Zwischen Wolkenkratzern und Windturmh\u00e4usern. <\/b><\/span><span style=\"font-size: small\">Mehr als nur Strand, Shoppingmall und Hotelhochh\u00e4user: In der Altstadt von Bur Dubai tauchen Besucher in die Keimzelle der Megacity am Persischen Golf ein und erf\u00fchlen das Orient-Flair im Basar zwischen Windturmh\u00e4usern\u00a0<\/span><\/span><\/p>\n<p class=\"western\"><span style=\"color: #000000\"><span style=\"font-family: DejaVu Sans, sans-serif\"><span style=\"font-size: small\"><i>Von Petra Kirsch<\/i><\/span><\/span><\/span> <span style=\"color: #000000\"><span style=\"font-family: DejaVu Sans, sans-serif\"><span style=\"font-size: small\">(<\/span><\/span><\/span><span style=\"color: #000000\"><span style=\"font-family: DejaVu Sans, sans-serif\"><span style=\"font-size: small\">4998<\/span><\/span><\/span><span style=\"color: #000000\"><span style=\"font-family: DejaVu Sans, sans-serif\"><span style=\"font-size: small\"> Zeichen, plus Infoteil \u2013 Bilder: <\/span><\/span><\/span><span style=\"color: #000080\"><span lang=\"zxx\"><u><a href=\"http:\/\/www.srt-text.de\/\"><span style=\"color: #000000\"><span style=\"font-family: DejaVu Sans, sans-serif\"><span style=\"font-size: small\">www.srt-text.de<\/span><\/span><\/span><\/a><\/u><\/span><\/span><span style=\"color: #000000\"><span style=\"font-family: DejaVu Sans, sans-serif\"><span style=\"font-size: small\">)<\/span><\/span><\/span><\/p>\n<p class=\"western\"><span style=\"font-family: DejaVu Sans, sans-serif\"><span style=\"font-size: small\"><b>Stolperfallen im Urlaub: Andere L\u00e4nder, kuriose Regeln. <\/b><\/span><span style=\"font-size: small\">Mal ist Sex im Park ok, Parmesan zu Meeresfr\u00fcchten aber nie: Damit in der sch\u00f6nsten Zeit des Jahres alles rund l\u00e4uft, ist es gut, ein paar (zum Teil erstaunliche) Benimmregeln unserer Nachbarn zu kennen\u00a0<\/span><\/span><\/p>\n<p class=\"western\"><span style=\"color: #000000\"><span style=\"font-family: DejaVu Sans, sans-serif\"><span style=\"font-size: small\"><i>Von Sandra Ehegartner<\/i><\/span><\/span><\/span> <span style=\"color: #000000\"><span style=\"font-family: DejaVu Sans, sans-serif\"><span style=\"font-size: small\">(68<\/span><\/span><\/span><span style=\"color: #000000\"><span style=\"font-family: DejaVu Sans, sans-serif\"><span style=\"font-size: small\">23<\/span><\/span><\/span><span style=\"color: #000000\"><span style=\"font-family: DejaVu Sans, sans-serif\"><span style=\"font-size: small\"> Zeichen \u2013 Bilder: <\/span><\/span><\/span><span style=\"color: #000080\"><span lang=\"zxx\"><u><a href=\"http:\/\/www.srt-text.de\/\"><span style=\"color: #000000\"><span style=\"font-family: DejaVu Sans, sans-serif\"><span style=\"font-size: small\">www.srt-text.de<\/span><\/span><\/span><\/a><\/u><\/span><\/span><span style=\"color: #000000\"><span style=\"font-family: DejaVu Sans, sans-serif\"><span style=\"font-size: small\">)<\/span><\/span><\/span><\/p>\n<p class=\"western\"><span style=\"font-family: DejaVu Sans, sans-serif\"><span style=\"font-size: small\"><b>Lissabon kulinarisch: Ginjinha und Bacalhau. <\/b><\/span><span style=\"font-size: small\">Ein Streifzug durch die Bars und Restaurants der portugiesischen <\/span><span style=\"font-size: small\">Hauptstadt<\/span> <span style=\"font-size: small\">\u2013 <\/span><span style=\"font-size: small\">zu kulinarischen Spezialit\u00e4ten und weiteren Entdeckungen\u00a0<\/span><\/span><\/p>\n<p class=\"western\"><span style=\"color: #000000\"><span style=\"font-family: DejaVu Sans, sans-serif\"><span style=\"font-size: small\"><i>Von Marc Reisner <\/i><\/span><\/span><\/span><span style=\"color: #000000\"><span style=\"font-family: DejaVu Sans, sans-serif\"><span style=\"font-size: small\">(72<\/span><\/span><\/span><span style=\"color: #000000\"><span style=\"font-family: DejaVu Sans, sans-serif\"><span style=\"font-size: small\">39<\/span><\/span><\/span><span style=\"color: #000000\"><span style=\"font-family: DejaVu Sans, sans-serif\"><span style=\"font-size: small\"> Zeichen \u2013 Bilder: <\/span><\/span><\/span><span style=\"color: #000080\"><span lang=\"zxx\"><u><a href=\"http:\/\/www.srt-text.de\/\"><span style=\"color: #000000\"><span style=\"font-family: DejaVu Sans, sans-serif\"><span style=\"font-size: small\">www.srt-text.de<\/span><\/span><\/span><\/a><\/u><\/span><\/span><span style=\"color: #000000\"><span style=\"font-family: DejaVu Sans, sans-serif\"><span style=\"font-size: small\">)<\/span><\/span><\/span><\/p>\n<p class=\"western\"><span style=\"font-family: DejaVu Sans, sans-serif\"><span style=\"font-size: small\"><b>Gef\u00e4hrliche Str\u00f6mung: Achtung vor Rip Currents. <\/b><\/span><span style=\"font-size: small\">Sommerzeit ist Badezeit. Aber egal ob Ostsee oder Ozean, t\u00fcckische Ripp-Str\u00f6mungen k\u00f6nnen jedem gef\u00e4hrlich werden. Worauf Badende an K\u00fcsten achten sollten\u00a0<\/span><\/span><\/p>\n<p class=\"western\"><span style=\"color: #000000\"><span style=\"font-family: DejaVu Sans, sans-serif\"><span style=\"font-size: small\"><i>Von Tinga Horny<\/i><\/span><\/span><\/span> <span style=\"color: #000000\"><span style=\"font-family: DejaVu Sans, sans-serif\"><span style=\"font-size: small\">(4<\/span><\/span><\/span><span style=\"color: #000000\"><span style=\"font-family: DejaVu Sans, sans-serif\"><span style=\"font-size: small\">433<\/span><\/span><\/span><span style=\"color: #000000\"><span style=\"font-family: DejaVu Sans, sans-serif\"><span style=\"font-size: small\"> Zeichen \u2013 Bilder: <\/span><\/span><\/span><span style=\"color: #000080\"><span lang=\"zxx\"><u><a href=\"http:\/\/www.srt-text.de\/\"><span style=\"color: #000000\"><span style=\"font-family: DejaVu Sans, sans-serif\"><span style=\"font-size: small\">www.srt-text.de<\/span><\/span><\/span><\/a><\/u><\/span><\/span><span style=\"color: #000000\"><span style=\"font-family: DejaVu Sans, sans-serif\"><span style=\"font-size: small\">)<\/span><\/span><\/span><\/p>\n<p class=\"western\"><span style=\"font-family: DejaVu Sans, sans-serif\"><span style=\"font-size: small\"><b>Mittlerer Schwarzwald: Ein gedeckter Tisch im Gr\u00fcnen. <\/b><\/span><span style=\"font-size: small\">In Deutschlands gr\u00f6\u00dftem und bekanntestem Mittelgebirge entdecken Wanderer und kulinarische Genie\u00dfer Au\u00dfergew\u00f6hnliches\u00a0<\/span><\/span><\/p>\n<p class=\"western\"><span style=\"color: #000000\"><span style=\"font-family: DejaVu Sans, sans-serif\"><span style=\"font-size: small\"><i>Von Gerd Krauskopf <\/i><\/span><\/span><\/span><span style=\"color: #000000\"><span style=\"font-family: DejaVu Sans, sans-serif\"><span style=\"font-size: small\">(4<\/span><\/span><\/span><span style=\"color: #000000\"><span style=\"font-family: DejaVu Sans, sans-serif\"><span style=\"font-size: small\">660<\/span><\/span><\/span><span style=\"color: #000000\"><span style=\"font-family: DejaVu Sans, sans-serif\"><span style=\"font-size: small\"> Zeichen \u2013 Bilder: <\/span><\/span><\/span><span style=\"color: #000080\"><span lang=\"zxx\"><u><a href=\"http:\/\/www.srt-text.de\/\"><span style=\"color: #000000\"><span style=\"font-family: DejaVu Sans, sans-serif\"><span style=\"font-size: small\">www.srt-text.de<\/span><\/span><\/span><\/a><\/u><\/span><\/span><span style=\"color: #000000\"><span style=\"font-family: DejaVu Sans, sans-serif\"><span style=\"font-size: small\">)<\/span><\/span><\/span><\/p>\n<p class=\"western\" align=\"center\"><span style=\"font-family: DejaVu Sans, sans-serif\"><span style=\"font-size: small\"><b>KURZ GEMELDET<\/b><\/span><\/span><\/p>\n<p class=\"western\"><span style=\"font-family: DejaVu Sans, sans-serif\"><span style=\"font-size: small\">Australien: Jenolan-H\u00f6hlensystem geschlossen<\/span><\/span><\/p>\n<p class=\"western\"><span style=\"font-family: DejaVu Sans, sans-serif\"><span style=\"font-size: small\">Queensland: Ein Riesenrad f\u00fcr Cairns\u00a0<\/span><\/span><\/p>\n<p class=\"western\"><span style=\"font-family: DejaVu Sans, sans-serif\"><span style=\"font-size: small\">La Palma: Neues Leben nach dem Vulkanausbruch<\/span><\/span><\/p>\n<p class=\"western\"><span style=\"font-family: DejaVu Sans, sans-serif\"><span style=\"font-size: small\">Teneriffa: Die Masca-Schlucht kostet jetzt Eintritt<\/span><\/span><\/p>\n<p class=\"western\"><span style=\"font-family: DejaVu Sans, sans-serif\"><span style=\"font-size: small\">Schweden: Outdoor-Ausr\u00fcstung kostenlos ausleihen\u00a0<\/span><\/span><\/p>\n<p class=\"western\"><span style=\"font-family: DejaVu Sans, sans-serif\"><span style=\"font-size: small\">S\u00fcdtirol: In Schenna \u201eauf der Biersch\u201c\u00a0<\/span><\/span><\/p>\n<p class=\"western\"><span style=\"font-family: DejaVu Sans, sans-serif\"><span style=\"font-size: small\">Osttirol: Neuer H\u00f6henweg f\u00fcr Familien<\/span><\/span><\/p>\n<p class=\"western\"><span style=\"font-family: DejaVu Sans, sans-serif\"><span style=\"font-size: small\">Schwarzwald: Unterwegs mit dem digitalen Wanderpass\u00a0<\/span><\/span><\/p>\n<p class=\"western\"><span style=\"font-family: DejaVu Sans, sans-serif\"><span style=\"font-size: small\">Augsburg: Wasser, Welterbe &amp; Handwerk<\/span><\/span><\/p>\n<p class=\"western\"><span style=\"font-family: DejaVu Sans, sans-serif\"><span style=\"font-size: small\">M\u00fcnchen: Biergarten ohne Alkohol<\/span><\/span><\/p>\n<p class=\"western\" align=\"center\"><span style=\"font-family: DejaVu Sans, sans-serif\"><span style=\"font-size: small\"><b>BUCHBESPRECHUNG<\/b><\/span><\/span><\/p>\n<p class=\"western\"><span style=\"font-family: DejaVu Sans, sans-serif\"><span style=\"font-size: small\"><br \/>\n<\/span><span style=\"font-size: small\"><b>Ferien-Abenteuer im Garten.<\/b><\/span> <span style=\"font-size: small\">Der Biologe und Outdoor-Experte Manuel Larbig l\u00e4dt mit seinem Naturf\u00fchrer \u201cWarum h\u00e4mmert der Specht?\u201d Kinder und Eltern dazu ein, die heimische Flora und Fauna neu zu entdecken<\/span><\/span><\/p>\n<p class=\"western\"><span style=\"color: #000000\"><span style=\"font-family: DejaVu Sans, sans-serif\"><span style=\"font-size: small\"><i>Von Simone F. Lucas<\/i><\/span><\/span><\/span><span style=\"color: #000000\"><span style=\"font-family: DejaVu Sans, sans-serif\"><span style=\"font-size: small\"> (<\/span><\/span><\/span><span style=\"color: #000000\"><span style=\"font-family: DejaVu Sans, sans-serif\"><span style=\"font-size: small\">1<\/span><\/span><\/span><span style=\"color: #000000\"><span style=\"font-family: DejaVu Sans, sans-serif\"><span style=\"font-size: small\">9<\/span><\/span><\/span><span style=\"color: #000000\"><span style=\"font-family: DejaVu Sans, sans-serif\"><span style=\"font-size: small\">35<\/span><\/span><\/span><span style=\"color: #000000\"><span style=\"font-family: DejaVu Sans, sans-serif\"><span style=\"font-size: small\"> Zeichen \u2013 Buchcover:<\/span><\/span><\/span><span style=\"color: #000080\"><span lang=\"zxx\"><u><a href=\"http:\/\/www.srt-text.de\/\"><span style=\"color: #000000\"><span style=\"font-family: DejaVu Sans, sans-serif\"><span style=\"font-size: small\"> www.srt-text.de<\/span><\/span><\/span><\/a><\/u><\/span><\/span><span style=\"color: #000000\"><span style=\"font-family: DejaVu Sans, sans-serif\"><span style=\"font-size: small\">)<\/span><\/span><\/span><\/p>\n<p class=\"western\"><span style=\"font-family: DejaVu Sans, sans-serif\"><span style=\"font-size: small\"><i>Textredakteur dieser Woche war Rudi Stallein, Co-Redakteur war Christian Haas.<\/i><\/span><\/span><\/p>\n","protected":false},"excerpt":{"rendered":"<p>Flughafennamen im Wechselspiel: Im Anflug auf Berlusconi. St\u00e4ndig werden Flugh\u00e4fen umbenannt, meist nach mehr oder minder ber\u00fchmten Menschen wie jetzt Mailands Flughafen Malpenso. Passagieren bietet das die M\u00f6glichkeit einer Zickzack-Reise zwischen toten Abenteurern und h\u00f6chst lebendigen Fu\u00dfballern\u00a0 Von Hans-Werner Rodrian (5551 Zeichen \u2013 Bilder: www.srt-text.de) Bayerns attraktivste Radwege: Bierg\u00e4rten, K\u00f6nigsschl\u00f6sser<a href=\"https:\/\/www.srt-partner.de\/index.php\/kw-31-versendet-am-29-07-2024\/\" class=\"read-more\">Read More&#8230;<\/a><\/p>\n","protected":false},"author":7,"featured_media":0,"comment_status":"closed","ping_status":"closed","sticky":false,"template":"","format":"standard","meta":{"footnotes":""},"categories":[12],"tags":[],"class_list":["post-3231","post","type-post","status-publish","format-standard","hentry","category-texte"],"aioseo_notices":[],"_links":{"self":[{"href":"https:\/\/www.srt-partner.de\/index.php\/wp-json\/wp\/v2\/posts\/3231","targetHints":{"allow":["GET"]}}],"collection":[{"href":"https:\/\/www.srt-partner.de\/index.php\/wp-json\/wp\/v2\/posts"}],"about":[{"href":"https:\/\/www.srt-partner.de\/index.php\/wp-json\/wp\/v2\/types\/post"}],"author":[{"embeddable":true,"href":"https:\/\/www.srt-partner.de\/index.php\/wp-json\/wp\/v2\/users\/7"}],"replies":[{"embeddable":true,"href":"https:\/\/www.srt-partner.de\/index.php\/wp-json\/wp\/v2\/comments?post=3231"}],"version-history":[{"count":1,"href":"https:\/\/www.srt-partner.de\/index.php\/wp-json\/wp\/v2\/posts\/3231\/revisions"}],"predecessor-version":[{"id":3232,"href":"https:\/\/www.srt-partner.de\/index.php\/wp-json\/wp\/v2\/posts\/3231\/revisions\/3232"}],"wp:attachment":[{"href":"https:\/\/www.srt-partner.de\/index.php\/wp-json\/wp\/v2\/media?parent=3231"}],"wp:term":[{"taxonomy":"category","embeddable":true,"href":"https:\/\/www.srt-partner.de\/index.php\/wp-json\/wp\/v2\/categories?post=3231"},{"taxonomy":"post_tag","embeddable":true,"href":"https:\/\/www.srt-partner.de\/index.php\/wp-json\/wp\/v2\/tags?post=3231"}],"curies":[{"name":"wp","href":"https:\/\/api.w.org\/{rel}","templated":true}]}}