{"id":3346,"date":"2025-03-10T09:58:57","date_gmt":"2025-03-10T09:58:57","guid":{"rendered":"https:\/\/www.srt-partner.de\/?p=3346"},"modified":"2025-03-10T09:58:57","modified_gmt":"2025-03-10T09:58:57","slug":"kw-11-versendet-am-10-03-2025","status":"publish","type":"post","link":"https:\/\/www.srt-partner.de\/index.php\/kw-11-versendet-am-10-03-2025\/","title":{"rendered":"KW 11, versendet am 10.03.2025"},"content":{"rendered":"<p class=\"western\" align=\"left\"><span style=\"color: #000000\"><span style=\"font-family: DejaVu Sans, sans-serif\"><span style=\"font-size: small\"><b>Entdeckungstour an der Weser: Bremen <\/b><\/span><\/span><\/span><span style=\"color: #000000\"><span style=\"font-family: DejaVu Sans, sans-serif\"><span style=\"font-size: small\">\u2013 <\/span><\/span><\/span><span style=\"color: #000000\"><span style=\"font-family: DejaVu Sans, sans-serif\"><span style=\"font-size: small\"><b>mehr als ein M\u00e4rchen<\/b><\/span><\/span><\/span><span style=\"color: #000000\"><span style=\"font-family: DejaVu Sans, sans-serif\"><span style=\"font-size: small\">. Eine Zeitreise f\u00fchrt durch den Ratskeller und das Schnoorviertel in die \u00dcberseestadt. G\u00e4ste \u00fcbernachten am oder auf dem Wasser und erleben Str\u00e4nde, Street Art und moderne Technik bei Airbus sowie im Wissenschaftsmuseum Universum<\/span><\/span><\/span><\/p>\n<p class=\"western\" align=\"left\"><span style=\"color: #000000\"><span style=\"font-family: DejaVu Sans, sans-serif\"><span style=\"font-size: small\"><i>Von Christian Boergen<\/i><\/span><\/span><\/span> <span style=\"color: #000000\"><span style=\"font-family: DejaVu Sans, sans-serif\"><span style=\"font-size: small\">(123<\/span><\/span><\/span><span style=\"color: #000000\"><span style=\"font-family: DejaVu Sans, sans-serif\"><span style=\"font-size: small\">25<\/span><\/span><\/span><span style=\"color: #000000\"><span style=\"font-family: DejaVu Sans, sans-serif\"><span style=\"font-size: small\">\/6<\/span><\/span><\/span><span style=\"color: #000000\"><span style=\"font-family: DejaVu Sans, sans-serif\"><span style=\"font-size: small\">298<\/span><\/span><\/span><span style=\"color: #000000\"><span style=\"font-family: DejaVu Sans, sans-serif\"><span style=\"font-size: small\"> Zeichen \u2013 Bilder: <\/span><\/span><\/span><span style=\"color: #000080\"><u><a href=\"http:\/\/www.srt-text.de\/\"><span style=\"color: #1155cc\"><span style=\"font-family: DejaVu Sans, sans-serif\"><span style=\"font-size: small\">www.srt-text.de<\/span><\/span><\/span><\/a><\/u><\/span><span style=\"color: #000000\"><span style=\"font-family: DejaVu Sans, sans-serif\"><span style=\"font-size: small\">)<\/span><\/span><\/span><\/p>\n<p class=\"western\" align=\"left\"><span style=\"font-family: DejaVu Sans, sans-serif\"><span style=\"font-size: small\"><i>**Dieser Text liegt in einer Lang- und einer Kurzversion vor. Beide finden Sie hintereinander in derselben Datei.**<\/i><\/span><\/span><\/p>\n<p class=\"western\" align=\"left\"><span style=\"color: #000000\"><span style=\"font-family: DejaVu Sans, sans-serif\"><span style=\"font-size: small\"><b>Keine gute Idee: Cannabis im Gep\u00e4ck. <\/b><\/span><\/span><\/span><span style=\"color: #000000\"><span style=\"font-family: DejaVu Sans, sans-serif\"><span style=\"font-size: small\">Seit April vergangenen Jahres sind Besitz und Konsum von Cannabis in Deutschland teilweise erlaubt. Mit Gras ins Ausland zu reisen ist jedoch keine gute Idee<\/span><\/span><\/span><\/p>\n<p class=\"western\" align=\"left\"><span style=\"color: #000000\"><span style=\"font-family: DejaVu Sans, sans-serif\"><span style=\"font-size: small\"><i>Von Fabian von Poser<\/i><\/span><\/span><\/span><span style=\"color: #000000\"><span style=\"font-family: DejaVu Sans, sans-serif\"><span style=\"font-size: small\">\u00a0 <\/span><\/span><\/span><span style=\"color: #000000\"><span style=\"font-family: DejaVu Sans, sans-serif\"><span style=\"font-size: small\">(71<\/span><\/span><\/span><span style=\"color: #000000\"><span style=\"font-family: DejaVu Sans, sans-serif\"><span style=\"font-size: small\">29<\/span><\/span><\/span><span style=\"color: #000000\"><span style=\"font-family: DejaVu Sans, sans-serif\"><span style=\"font-size: small\"> Zeichen \u2013 Bilder: <\/span><\/span><\/span><span style=\"color: #000080\"><u><a href=\"http:\/\/www.srt-text.de\/\"><span style=\"color: #1155cc\"><span style=\"font-family: DejaVu Sans, sans-serif\"><span style=\"font-size: small\">www.srt-text.de<\/span><\/span><\/span><\/a><\/u><\/span><span style=\"color: #000000\"><span style=\"font-family: DejaVu Sans, sans-serif\"><span style=\"font-size: small\">)<\/span><\/span><\/span><\/p>\n<p class=\"western\" align=\"left\"><span style=\"color: #000000\"><span style=\"font-family: DejaVu Sans, sans-serif\"><span style=\"font-size: small\"><b>Tierwanderungen weltweit: Einmal hin und zur\u00fcck, bitte! <\/b><\/span><\/span><\/span><span style=\"color: #000000\"><span style=\"font-family: DejaVu Sans, sans-serif\"><span style=\"font-size: small\">Ob Karibus oder Flamingos, Wale oder Schmetterlinge \u2013 manche Tierarten legen zwischen ihren Winter- und Sommerquartieren oft tausende Kilometer zur\u00fcck. Zeuge einer solchen Massenbewegung zu werden, ist ein unvergessliches Erlebnis<\/span><\/span><\/span><\/p>\n<p class=\"western\" align=\"left\"><span style=\"color: #000000\"><span style=\"font-family: DejaVu Sans, sans-serif\"><span style=\"font-size: small\"><i>Von Brigitte von Imhof<\/i><\/span><\/span><\/span><span style=\"color: #000000\"><span style=\"font-family: DejaVu Sans, sans-serif\"><span style=\"font-size: small\">\u00a0 <\/span><\/span><\/span><span style=\"color: #000000\"><span style=\"font-family: DejaVu Sans, sans-serif\"><span style=\"font-size: small\">(4<\/span><\/span><\/span><span style=\"color: #000000\"><span style=\"font-family: DejaVu Sans, sans-serif\"><span style=\"font-size: small\">763<\/span><\/span><\/span><span style=\"color: #000000\"><span style=\"font-family: DejaVu Sans, sans-serif\"><span style=\"font-size: small\"> Zeichen \u2013 Bilder: <\/span><\/span><\/span><span style=\"color: #000080\"><u><a href=\"http:\/\/www.srt-text.de\/\"><span style=\"color: #1155cc\"><span style=\"font-family: DejaVu Sans, sans-serif\"><span style=\"font-size: small\">www.srt-text.de<\/span><\/span><\/span><\/a><\/u><\/span><span style=\"color: #000000\"><span style=\"font-family: DejaVu Sans, sans-serif\"><span style=\"font-size: small\">)<\/span><\/span><\/span><\/p>\n<p class=\"western\" align=\"left\"><span style=\"color: #000000\"><span style=\"font-family: DejaVu Sans, sans-serif\"><span style=\"font-size: small\"><b>Ab in den S\u00fcden: Sieben Mal in den Fr\u00fchling radeln.<\/b><\/span><\/span><\/span> <span style=\"color: #000000\"><span style=\"font-family: DejaVu Sans, sans-serif\"><span style=\"font-size: small\">Rund ums Mittelmeer herrscht jetzt schon angenehmes Klima, um auf dem Fahrrad sch\u00f6ne Landschaften zu erfahren und beim Cappuccino im Stra\u00dfencaf\u00e9 in die Sonne zu blinzeln<\/span><\/span><\/span><\/p>\n<p class=\"western\" align=\"left\"><span style=\"color: #000000\"><span style=\"font-family: DejaVu Sans, sans-serif\"><span style=\"font-size: small\"><i>Von Armin Herb<\/i><\/span><\/span><\/span> <span style=\"color: #000000\"><span style=\"font-family: DejaVu Sans, sans-serif\"><span style=\"font-size: small\">(7<\/span><\/span><\/span><span style=\"color: #000000\"><span style=\"font-family: DejaVu Sans, sans-serif\"><span style=\"font-size: small\">149<\/span><\/span><\/span><span style=\"color: #000000\"><span style=\"font-family: DejaVu Sans, sans-serif\"><span style=\"font-size: small\"> Zeichen \u2013 Bilder: <\/span><\/span><\/span><span style=\"color: #000080\"><u><a href=\"http:\/\/www.srt-text.de\/\"><span style=\"color: #1155cc\"><span style=\"font-family: DejaVu Sans, sans-serif\"><span style=\"font-size: small\">www.srt-text.de<\/span><\/span><\/span><\/a><\/u><\/span><span style=\"color: #000000\"><span style=\"font-family: DejaVu Sans, sans-serif\"><span style=\"font-size: small\">)<\/span><\/span><\/span><\/p>\n<p class=\"western\" align=\"left\"><span style=\"color: #000000\"><span style=\"font-family: DejaVu Sans, sans-serif\"><span style=\"font-size: small\"><b>Die Zukunft der Reisehandb\u00fccher: &#8222;Jedes Jahr ein bisschen weniger&#8220;. <\/b><\/span><\/span><\/span><span style=\"color: #000000\"><span style=\"font-family: DejaVu Sans, sans-serif\"><span style=\"font-size: small\">Auf Fernreisen nehmen immer noch 70 Prozent der Menschen einen Reisef\u00fchrer mit. Der Verkauf geht nur ganz langsam zur\u00fcck \u2013 vielleicht auch deshalb, weil kaum digitale Alternativen angeboten werden<\/span><\/span><\/span><\/p>\n<p class=\"western\" align=\"left\"><span style=\"color: #000000\"><span style=\"font-family: DejaVu Sans, sans-serif\"><span style=\"font-size: small\"><i>Von Hans-Werner Rodrian<\/i><\/span><\/span><\/span> <span style=\"color: #000000\"><span style=\"font-family: DejaVu Sans, sans-serif\"><span style=\"font-size: small\">(5<\/span><\/span><\/span><span style=\"color: #000000\"><span style=\"font-family: DejaVu Sans, sans-serif\"><span style=\"font-size: small\">280 <\/span><\/span><\/span><span style=\"color: #000000\"><span style=\"font-family: DejaVu Sans, sans-serif\"><span style=\"font-size: small\">Zeichen \u2013 Bilder: <\/span><\/span><\/span><span style=\"color: #000080\"><u><a href=\"http:\/\/www.srt-text.de\/\"><span style=\"color: #1155cc\"><span style=\"font-family: DejaVu Sans, sans-serif\"><span style=\"font-size: small\">www.srt-text.de<\/span><\/span><\/span><\/a><\/u><\/span><span style=\"color: #000000\"><span style=\"font-family: DejaVu Sans, sans-serif\"><span style=\"font-size: small\">)<\/span><\/span><\/span><\/p>\n<p class=\"western\" align=\"left\"><span style=\"color: #000000\"><span style=\"font-family: DejaVu Sans, sans-serif\"><span style=\"font-size: small\"><b>Alles Tango! Tanzend durch Europa.<\/b><\/span><\/span><\/span> <span style=\"color: #000000\"><span style=\"font-family: DejaVu Sans, sans-serif\"><span style=\"font-size: small\">Das Tangofieber grassiert nicht nur in Argentinien. Reise- und Festivalveranstalter sorgen daf\u00fcr, dass in Europa leidenschaftlich getanzt werden kann. Sieben Tipps, um die Liebe zum Reisen und zum Tangotanzen zu verbinden.<\/span><\/span><\/span><\/p>\n<p class=\"western\" align=\"left\"><span style=\"color: #000000\"><span style=\"font-family: DejaVu Sans, sans-serif\"><span style=\"font-size: small\"><i>Von Sandra Ehegartner<\/i><\/span><\/span><\/span> <span style=\"color: #000000\"><span style=\"font-family: DejaVu Sans, sans-serif\"><span style=\"font-size: small\">(<\/span><\/span><\/span><span style=\"color: #000000\"><span style=\"font-family: DejaVu Sans, sans-serif\"><span style=\"font-size: small\">3975<\/span><\/span><\/span><span style=\"color: #000000\"><span style=\"font-family: DejaVu Sans, sans-serif\"><span style=\"font-size: small\"> Zeichen \u2013 Bilder: <\/span><\/span><\/span><span style=\"color: #000080\"><u><a href=\"http:\/\/www.srt-text.de\/\"><span style=\"color: #1155cc\"><span style=\"font-family: DejaVu Sans, sans-serif\"><span style=\"font-size: small\">www.srt-text.de<\/span><\/span><\/span><\/a><\/u><\/span><span style=\"color: #000000\"><span style=\"font-family: DejaVu Sans, sans-serif\"><span style=\"font-size: small\">)<\/span><\/span><\/span><\/p>\n<p class=\"western\" align=\"left\"><span style=\"font-family: DejaVu Sans, sans-serif\"><span style=\"font-size: small\"><br \/>\n<\/span><\/span><span style=\"color: #000000\"><span style=\"font-family: DejaVu Sans, sans-serif\"><span style=\"font-size: small\"><b>Spanien: Wo &#8222;Doktor Schiwago&#8220; ins Schwitzen kam.<\/b><\/span><\/span><\/span> <span style=\"color: #000000\"><span style=\"font-family: DejaVu Sans, sans-serif\"><span style=\"font-size: small\">Die kleine Provinz Soria in Kastilien-Le\u00f3n, dem Herzen Spaniens, lockt nicht nur mit ihrer atemberaubenden Natur, sondern auch mit Filmgeschichte, kulinarischen Gen\u00fcssen und literarischer Inspiration.<\/span><\/span><\/span><\/p>\n<p class=\"western\" align=\"left\"><span style=\"color: #000000\"><span style=\"font-family: DejaVu Sans, sans-serif\"><span style=\"font-size: small\"><i>Von Susanne Freitag<\/i><\/span><\/span><\/span><span style=\"color: #000000\"><span style=\"font-family: DejaVu Sans, sans-serif\"><span style=\"font-size: small\">\u00a0 <\/span><\/span><\/span><span style=\"color: #000000\"><span style=\"font-family: DejaVu Sans, sans-serif\"><span style=\"font-size: small\">(<\/span><\/span><\/span><span style=\"color: #000000\"><span style=\"font-family: DejaVu Sans, sans-serif\"><span style=\"font-size: small\">4905<\/span><\/span><\/span><span style=\"color: #000000\"><span style=\"font-family: DejaVu Sans, sans-serif\"><span style=\"font-size: small\"> Zeichen \u2013 Bilder: <\/span><\/span><\/span><span style=\"color: #000080\"><u><a href=\"http:\/\/www.srt-text.de\/\"><span style=\"color: #1155cc\"><span style=\"font-family: DejaVu Sans, sans-serif\"><span style=\"font-size: small\">www.srt-text.de<\/span><\/span><\/span><\/a><\/u><\/span><span style=\"color: #000000\"><span style=\"font-family: DejaVu Sans, sans-serif\"><span style=\"font-size: small\">)<\/span><\/span><\/span><\/p>\n<p class=\"western\" align=\"left\"><span style=\"color: #000000\"><span style=\"font-family: DejaVu Sans, sans-serif\"><span style=\"font-size: small\"><b>Verbraucher ausgetrickst: EU s\u00e4gt an den Fluggastrechten. <\/b><\/span><\/span><\/span><span style=\"color: #000000\"><span style=\"font-family: DejaVu Sans, sans-serif\"><span style=\"font-size: small\">Die EU plant die Revision der Fluggastrechte \u2013 zum Vorteil der Airlines. L\u00e4uft es schlecht, dann k\u00f6nnte es f\u00fcr Passagiere in Zukunft erheblich schwieriger werden, bei Versp\u00e4tungen eine Entsch\u00e4digung zu verlangen<\/span><\/span><\/span><\/p>\n<p class=\"western\" align=\"left\"><span style=\"color: #000000\"><span style=\"font-family: DejaVu Sans, sans-serif\"><span style=\"font-size: small\"><i>Von Tinga Horny <\/i><\/span><\/span><\/span><span style=\"color: #000000\"><span style=\"font-family: DejaVu Sans, sans-serif\"><span style=\"font-size: small\">(<\/span><\/span><\/span><span style=\"color: #000000\"><span style=\"font-family: DejaVu Sans, sans-serif\"><span style=\"font-size: small\">4632<\/span><\/span><\/span><span style=\"color: #000000\"><span style=\"font-family: DejaVu Sans, sans-serif\"><span style=\"font-size: small\"> Zeichen \u2013 Bilder: <\/span><\/span><\/span><span style=\"color: #000080\"><u><a href=\"http:\/\/www.srt-text.de\/\"><span style=\"color: #1155cc\"><span style=\"font-family: DejaVu Sans, sans-serif\"><span style=\"font-size: small\">www.srt-text.de<\/span><\/span><\/span><\/a><\/u><\/span><span style=\"color: #000000\"><span style=\"font-family: DejaVu Sans, sans-serif\"><span style=\"font-size: small\">)<\/span><\/span><\/span><\/p>\n<p class=\"western\" align=\"left\"><span style=\"color: #000000\"><span style=\"font-family: DejaVu Sans, sans-serif\"><span style=\"font-size: small\"><b>Maritime Feste in Norddeutschland: Segel setzen und feiern. <\/b><\/span><\/span><\/span><span style=\"color: #000000\"><span style=\"font-family: DejaVu Sans, sans-serif\"><span style=\"font-size: small\">Windjammer-Paraden, Hafenfeste und Regatten: Bei gro\u00dfen und kleinen Hafenfesten an den deutschen K\u00fcsten schnuppern auch Landratten mal so richtig Seeluft \u2013 neun Tipps zwischen Wilhelmshaven und Warnem\u00fcnde\u00a0<\/span><\/span><\/span><\/p>\n<p class=\"western\" align=\"left\"><span style=\"color: #000000\"><span style=\"font-family: DejaVu Sans, sans-serif\"><span style=\"font-size: small\"><i>Von Rudi Stallein\u00a0 <\/i><\/span><\/span><\/span><span style=\"color: #000000\"><span style=\"font-family: DejaVu Sans, sans-serif\"><span style=\"font-size: small\">(7<\/span><\/span><\/span><span style=\"color: #000000\"><span style=\"font-family: DejaVu Sans, sans-serif\"><span style=\"font-size: small\">369<\/span><\/span><\/span><span style=\"color: #000000\"><span style=\"font-family: DejaVu Sans, sans-serif\"><span style=\"font-size: small\"> Zeichen \u2013 Bilder: <\/span><\/span><\/span><span style=\"color: #000080\"><u><a href=\"http:\/\/www.srt-text.de\/\"><span style=\"color: #1155cc\"><span style=\"font-family: DejaVu Sans, sans-serif\"><span style=\"font-size: small\">www.srt-text.de<\/span><\/span><\/span><\/a><\/u><\/span><span style=\"color: #000000\"><span style=\"font-family: DejaVu Sans, sans-serif\"><span style=\"font-size: small\">)<\/span><\/span><\/span><\/p>\n<p class=\"western\" align=\"left\"><span style=\"color: #000000\"><span style=\"font-family: DejaVu Sans, sans-serif\"><span style=\"font-size: small\"><b>Das perfekte Urlaubs-Match: Camping und Radfahren. <\/b><\/span><\/span><\/span><span style=\"color: #000000\"><span style=\"font-family: DejaVu Sans, sans-serif\"><span style=\"font-size: small\">Besondere Unterk\u00fcnfte, attraktive Routen und jede Menge Extras &#8211; sechs Ziele f\u00fcr fahrradbegeisterte Campingurlauber in Deutschland, der Schweiz, \u00d6sterreich und den Niederlanden<\/span><\/span><\/span><\/p>\n<p class=\"western\" align=\"left\"><span style=\"color: #000000\"><span style=\"font-family: DejaVu Sans, sans-serif\"><span style=\"font-size: small\"><i>Von Heidi Siefert<\/i><\/span><\/span><\/span> <span style=\"color: #000000\"><span style=\"font-family: DejaVu Sans, sans-serif\"><span style=\"font-size: small\">(<\/span><\/span><\/span><span style=\"color: #000000\"><span style=\"font-family: DejaVu Sans, sans-serif\"><span style=\"font-size: small\">6992<\/span><\/span><\/span><span style=\"color: #000000\"><span style=\"font-family: DejaVu Sans, sans-serif\"><span style=\"font-size: small\"> Zeichen \u2013 Bilder: <\/span><\/span><\/span><span style=\"color: #000080\"><u><a href=\"http:\/\/www.srt-text.de\/\"><span style=\"color: #1155cc\"><span style=\"font-family: DejaVu Sans, sans-serif\"><span style=\"font-size: small\">www.srt-text.de<\/span><\/span><\/span><\/a><\/u><\/span><span style=\"color: #000000\"><span style=\"font-family: DejaVu Sans, sans-serif\"><span style=\"font-size: small\">) &#8211; noch in Arbeit<\/span><\/span><\/span><\/p>\n<p class=\"western\" align=\"center\"><span style=\"color: #000000\"><span style=\"font-family: DejaVu Sans, sans-serif\"><span style=\"font-size: small\"><br \/>\n<\/span><\/span><\/span><span style=\"color: #000000\"><span style=\"font-family: DejaVu Sans, sans-serif\"><span style=\"font-size: small\"><b>KURZ GEMELDET<\/b><\/span><\/span><\/span><\/p>\n<p class=\"western\" align=\"left\"><span style=\"font-family: DejaVu Sans, sans-serif\"><span style=\"font-size: small\">USA: Erschwerte Einreise f\u00fcr Trans-Personen<\/span><\/span><\/p>\n<p class=\"western\" align=\"left\"><span style=\"font-family: DejaVu Sans, sans-serif\"><span style=\"font-size: small\">Kairo: Grand Egyptian Museum vor der Er\u00f6ffnung<\/span><\/span><\/p>\n<p class=\"western\" align=\"left\"><span style=\"font-family: DejaVu Sans, sans-serif\"><span style=\"font-size: small\">Flusskreuzfahrten: Neue Buchungsplattform f\u00fcr Asien<\/span><\/span><\/p>\n<p class=\"western\" align=\"left\"><span style=\"font-family: DejaVu Sans, sans-serif\"><span style=\"font-size: small\">Schweden: Mehr Pippi wagen in Sm\u00e5land<\/span><\/span><\/p>\n<p class=\"western\" align=\"left\"><span style=\"font-family: DejaVu Sans, sans-serif\"><span style=\"font-size: small\">Dublin: Auf den Spuren von Oscar Wilde (Bild)<\/span><\/span><\/p>\n<p class=\"western\" align=\"left\"><span style=\"font-family: DejaVu Sans, sans-serif\"><span style=\"font-size: small\">Katalonien: Geb\u00fchrenerh\u00f6hungen f\u00fcr Touristen<\/span><\/span><\/p>\n<p class=\"western\" align=\"left\"><span style=\"font-family: DejaVu Sans, sans-serif\"><span style=\"font-size: small\">Tirol: Winterwoodstock im Brixental<\/span><\/span><\/p>\n<p class=\"western\" align=\"left\"><span style=\"font-family: DejaVu Sans, sans-serif\"><span style=\"font-size: small\">Allg\u00e4u: Kostenlos unterwegs mit dem Mobil Pass<\/span><\/span><\/p>\n<p class=\"western\" align=\"left\"><span style=\"font-family: DejaVu Sans, sans-serif\"><span style=\"font-size: small\">Hamburg: Frischer Wind in Lindenbergs \u201cPanik City\u201d\u00a0<\/span><\/span><\/p>\n<p class=\"western\" align=\"center\"><span style=\"font-family: DejaVu Sans, sans-serif\"><span style=\"font-size: small\"><b>BUCHBESPRECHUNG<\/b><\/span><\/span><\/p>\n<p class=\"western\" align=\"left\"><span style=\"color: #000000\"><span style=\"font-family: DejaVu Sans, sans-serif\"><span style=\"font-size: small\"><b>Europa im Brennglas. <\/b><\/span><\/span><\/span><span style=\"color: #000000\"><span style=\"font-family: DejaVu Sans, sans-serif\"><span style=\"font-size: small\">Der Lehrer Jan Kammann beschreibt in dem Buch \u201eEin europ\u00e4isches Klassenzimmer\u201c, wie er sich von seinen Sch\u00fclern zu einer Europareise inspirieren lie\u00df<\/span><\/span><\/span><\/p>\n<p class=\"western\" align=\"left\"><span style=\"color: #000000\"><span style=\"font-family: DejaVu Sans, sans-serif\"><span style=\"font-size: small\"><i>Von Simone F. Lucas<\/i><\/span><\/span><\/span> <span style=\"color: #000000\"><span style=\"font-family: DejaVu Sans, sans-serif\"><span style=\"font-size: small\">(2<\/span><\/span><\/span><span style=\"color: #000000\"><span style=\"font-family: DejaVu Sans, sans-serif\"><span style=\"font-size: small\">859<\/span><\/span><\/span><span style=\"color: #000000\"><span style=\"font-family: DejaVu Sans, sans-serif\"><span style=\"font-size: small\"> Zeichen \u2013 Buchcover:<\/span><\/span><\/span><a href=\"http:\/\/www.srt-text.de\/\"><u> <\/u><span style=\"color: #000080\"><u><span style=\"color: #1155cc\"><span style=\"font-family: DejaVu Sans, sans-serif\"><span style=\"font-size: small\">www.srt-text.de<\/span><\/span><\/span><\/u><\/span><\/a><span style=\"color: #000000\"><span style=\"font-family: DejaVu Sans, sans-serif\"><span style=\"font-size: small\">)<\/span><\/span><\/span><\/p>\n<p class=\"western\" align=\"left\"><span style=\"font-family: DejaVu Sans, sans-serif\"><span style=\"font-size: small\"><i>Textredakteurin dieser Woche war Sibylle v. Kamptz, Co-Redakteurin Heidi Siefert.<\/i><\/span><\/span><\/p>\n","protected":false},"excerpt":{"rendered":"<p>Entdeckungstour an der Weser: Bremen \u2013 mehr als ein M\u00e4rchen. Eine Zeitreise f\u00fchrt durch den Ratskeller und das Schnoorviertel in die \u00dcberseestadt. G\u00e4ste \u00fcbernachten am oder auf dem Wasser und erleben Str\u00e4nde, Street Art und moderne Technik bei Airbus sowie im Wissenschaftsmuseum Universum Von Christian Boergen (12325\/6298 Zeichen \u2013 Bilder:<a href=\"https:\/\/www.srt-partner.de\/index.php\/kw-11-versendet-am-10-03-2025\/\" class=\"read-more\">Read More&#8230;<\/a><\/p>\n","protected":false},"author":7,"featured_media":0,"comment_status":"closed","ping_status":"closed","sticky":false,"template":"","format":"standard","meta":{"footnotes":""},"categories":[12],"tags":[],"class_list":["post-3346","post","type-post","status-publish","format-standard","hentry","category-texte"],"aioseo_notices":[],"_links":{"self":[{"href":"https:\/\/www.srt-partner.de\/index.php\/wp-json\/wp\/v2\/posts\/3346","targetHints":{"allow":["GET"]}}],"collection":[{"href":"https:\/\/www.srt-partner.de\/index.php\/wp-json\/wp\/v2\/posts"}],"about":[{"href":"https:\/\/www.srt-partner.de\/index.php\/wp-json\/wp\/v2\/types\/post"}],"author":[{"embeddable":true,"href":"https:\/\/www.srt-partner.de\/index.php\/wp-json\/wp\/v2\/users\/7"}],"replies":[{"embeddable":true,"href":"https:\/\/www.srt-partner.de\/index.php\/wp-json\/wp\/v2\/comments?post=3346"}],"version-history":[{"count":1,"href":"https:\/\/www.srt-partner.de\/index.php\/wp-json\/wp\/v2\/posts\/3346\/revisions"}],"predecessor-version":[{"id":3347,"href":"https:\/\/www.srt-partner.de\/index.php\/wp-json\/wp\/v2\/posts\/3346\/revisions\/3347"}],"wp:attachment":[{"href":"https:\/\/www.srt-partner.de\/index.php\/wp-json\/wp\/v2\/media?parent=3346"}],"wp:term":[{"taxonomy":"category","embeddable":true,"href":"https:\/\/www.srt-partner.de\/index.php\/wp-json\/wp\/v2\/categories?post=3346"},{"taxonomy":"post_tag","embeddable":true,"href":"https:\/\/www.srt-partner.de\/index.php\/wp-json\/wp\/v2\/tags?post=3346"}],"curies":[{"name":"wp","href":"https:\/\/api.w.org\/{rel}","templated":true}]}}