{"id":3351,"date":"2025-03-24T10:13:40","date_gmt":"2025-03-24T10:13:40","guid":{"rendered":"https:\/\/www.srt-partner.de\/?p=3351"},"modified":"2025-03-24T10:13:40","modified_gmt":"2025-03-24T10:13:40","slug":"kw-13-versendet-am-24-03-2025","status":"publish","type":"post","link":"https:\/\/www.srt-partner.de\/index.php\/kw-13-versendet-am-24-03-2025\/","title":{"rendered":"KW 13, versendet am 24.03.2025"},"content":{"rendered":"<p class=\"western\" align=\"left\"><span style=\"color: #000000\"><span style=\"font-family: DejaVu Sans, sans-serif\"><span style=\"font-size: small\"><b>Natur und Kultur erwandern: Die Quintessenz des sizilianischen Barocks.<\/b><\/span><\/span><\/span> <span style=\"color: #000000\"><span style=\"font-family: DejaVu Sans, sans-serif\"><span style=\"font-size: small\">Schon Goethe sch\u00e4tzte die italienische Insel. Kein Wunder: Im S\u00fcdosten der Mittelmeerinsel locken barocke St\u00e4dte und geschichtstr\u00e4chtige Landschaften<\/span><\/span><\/span><span style=\"color: #000000\"><span style=\"font-family: DejaVu Sans, sans-serif\"><span style=\"font-size: small\">\u00a0<\/span><\/span><\/span><\/p>\n<p class=\"western\" align=\"left\"><span style=\"color: #000000\"><span style=\"font-family: DejaVu Sans, sans-serif\"><span style=\"font-size: small\"><i>Von Uwe Junker <\/i><\/span><\/span><\/span><span style=\"color: #000000\"><span style=\"font-family: DejaVu Sans, sans-serif\"><span style=\"font-size: small\">(<\/span><\/span><\/span><span style=\"color: #000000\"><span style=\"font-family: DejaVu Sans, sans-serif\"><span style=\"font-size: small\">6334<\/span><\/span><\/span><span style=\"color: #000000\"><span style=\"font-family: DejaVu Sans, sans-serif\"><span style=\"font-size: small\"> Zeichen \u2013 Bilder:<\/span><\/span><\/span><a href=\"http:\/\/www.srt-text.de\/\"><u> <\/u><span style=\"color: #000080\"><u><span style=\"color: #1155cc\"><span style=\"font-family: DejaVu Sans, sans-serif\"><span style=\"font-size: small\">www.srt-text.de<\/span><\/span><\/span><\/u><\/span><\/a><span style=\"color: #000000\"><span style=\"font-family: DejaVu Sans, sans-serif\"><span style=\"font-size: small\">)<\/span><\/span><\/span><\/p>\n<p class=\"western\" align=\"left\"><span style=\"color: #000000\"><span style=\"font-family: DejaVu Sans, sans-serif\"><span style=\"font-size: small\"><b>Irlands Top Ten: Aufragende Klippen, aufregende Kultur. <\/b><\/span><\/span><\/span><span style=\"color: #000000\"><span style=\"font-family: DejaVu Sans, sans-serif\"><span style=\"font-size: small\">Die gr\u00fcne Insel hat weit mehr zu bieten als Pubs und Schafe, n\u00e4mlich jahrtausendealte Megalithen, anglo-normannische St\u00e4dte, supermoderne Museen \u2013 und kolossale Steilk\u00fcsten. Hier kommen zehn Highlights, die auf keiner Irlandreise fehlen sollten\u00a0<\/span><\/span><\/span><\/p>\n<p class=\"western\" align=\"left\"><span style=\"color: #000000\"><span style=\"font-family: DejaVu Sans, sans-serif\"><span style=\"font-size: small\"><i>Von Christian Haas <\/i><\/span><\/span><\/span><span style=\"color: #000000\"><span style=\"font-family: DejaVu Sans, sans-serif\"><span style=\"font-size: small\">(<\/span><\/span><\/span><span style=\"color: #000000\"><span style=\"font-family: DejaVu Sans, sans-serif\"><span style=\"font-size: small\">9025<\/span><\/span><\/span><span style=\"color: #000000\"><span style=\"font-family: DejaVu Sans, sans-serif\"><span style=\"font-size: small\"> Zeichen \u2013 Bilder:<\/span><\/span><\/span><a href=\"http:\/\/www.srt-text.de\/\"><u> <\/u><span style=\"color: #000080\"><u><span style=\"color: #1155cc\"><span style=\"font-family: DejaVu Sans, sans-serif\"><span style=\"font-size: small\">www.srt-text.de<\/span><\/span><\/span><\/u><\/span><\/a><span style=\"color: #000000\"><span style=\"font-family: DejaVu Sans, sans-serif\"><span style=\"font-size: small\">)<\/span><\/span><\/span><\/p>\n<p class=\"western\" align=\"left\"><span style=\"color: #000000\"><span style=\"font-family: DejaVu Sans, sans-serif\"><span style=\"font-size: small\"><b>Fr\u00fchling auf Kreta: Mit dem Bike in die stillen Berge. <\/b><\/span><\/span><\/span><span style=\"color: #000000\"><span style=\"font-family: DejaVu Sans, sans-serif\"><span style=\"font-size: small\">Im Hafenst\u00e4dtchen Agios Nikolaos tummeln sich die Kreuzfahrt-Touristen. Wenige Kilometer entfernt im Hinterland herrschen die Ruhe und das Inselleben, das viele Besucher suchen\u00a0<\/span><\/span><\/span><\/p>\n<p class=\"western\" align=\"left\"><span style=\"color: #000000\"><span style=\"font-family: DejaVu Sans, sans-serif\"><span style=\"font-size: small\"><i>Von Armin Herb<\/i><\/span><\/span><\/span><span style=\"color: #000000\"><span style=\"font-family: DejaVu Sans, sans-serif\"><span style=\"font-size: small\"> (<\/span><\/span><\/span><span style=\"color: #000000\"><span style=\"font-family: DejaVu Sans, sans-serif\"><span style=\"font-size: small\">4844<\/span><\/span><\/span><span style=\"color: #000000\"><span style=\"font-family: DejaVu Sans, sans-serif\"><span style=\"font-size: small\"> Zeichen \u2013 Bilder:<\/span><\/span><\/span><a href=\"http:\/\/www.srt-text.de\/\"><u> <\/u><span style=\"color: #000080\"><u><span style=\"color: #1155cc\"><span style=\"font-family: DejaVu Sans, sans-serif\"><span style=\"font-size: small\">www.srt-text.de<\/span><\/span><\/span><\/u><\/span><\/a><span style=\"color: #000000\"><span style=\"font-family: DejaVu Sans, sans-serif\"><span style=\"font-size: small\">)<\/span><\/span><\/span><\/p>\n<p class=\"western\" align=\"left\"><span style=\"color: #000000\"><span style=\"font-family: DejaVu Sans, sans-serif\"><span style=\"font-size: small\"><b>Lech-Z\u00fcrs: Zwischen Ski-Safari und Strandkorb.<\/b><\/span><\/span><\/span> <span style=\"color: #000000\"><span style=\"font-family: DejaVu Sans, sans-serif\"><span style=\"font-size: small\">Fr\u00fchling und trotzdem noch mal auf die Ski? Zum Saisonfinale in Lech locken in \u00d6sterreichs gr\u00f6\u00dftem Skigebiet mit etwas Gl\u00fcck Sonne satt und ausgelassene Stimmung beim Apr\u00e8s-Ski\u00a0<\/span><\/span><\/span><\/p>\n<p class=\"western\" align=\"left\"><span style=\"color: #000000\"><span style=\"font-family: DejaVu Sans, sans-serif\"><span style=\"font-size: small\">Von<\/span><\/span><\/span> <span style=\"color: #000000\"><span style=\"font-family: DejaVu Sans, sans-serif\"><span style=\"font-size: small\"><i>Petra Kirsch <\/i><\/span><\/span><\/span><span style=\"color: #000000\"><span style=\"font-family: DejaVu Sans, sans-serif\"><span style=\"font-size: small\">(<\/span><\/span><\/span><span style=\"color: #000000\"><span style=\"font-family: DejaVu Sans, sans-serif\"><span style=\"font-size: small\">5188<\/span><\/span><\/span><span style=\"color: #000000\"><span style=\"font-family: DejaVu Sans, sans-serif\"><span style=\"font-size: small\"> Zeichen \u2013 Bilder:<\/span><\/span><\/span><a href=\"http:\/\/www.srt-text.de\/\"><u> <\/u><span style=\"color: #000080\"><u><span style=\"color: #1155cc\"><span style=\"font-family: DejaVu Sans, sans-serif\"><span style=\"font-size: small\">www.srt-text.de<\/span><\/span><\/span><\/u><\/span><\/a><span style=\"color: #000000\"><span style=\"font-family: DejaVu Sans, sans-serif\"><span style=\"font-size: small\">)<\/span><\/span><\/span><\/p>\n<p class=\"western\" align=\"left\"><span style=\"color: #000000\"><span style=\"font-family: DejaVu Sans, sans-serif\"><span style=\"font-size: small\"><b>Opatija: <\/b><\/span><\/span><\/span><span style=\"color: #000000\"><span style=\"font-family: DejaVu Sans, sans-serif\"><span style=\"font-size: small\"><b>D<\/b><\/span><\/span><\/span><span style=\"color: #000000\"><span style=\"font-family: DejaVu Sans, sans-serif\"><span style=\"font-size: small\"><b>as kleine Wien am Meer.<\/b><\/span><\/span><\/span> <span style=\"color: #000000\"><span style=\"font-family: DejaVu Sans, sans-serif\"><span style=\"font-size: small\">W\u00e4hrend der \u00f6sterreichisch-ungarischen Monarchie erlebte das kroatische Opatija seine Bl\u00fctezeit. Geblieben sind mond\u00e4ne Villen und ein besonderes Flair an einem der sch\u00f6nsten Abschnitte der Kvarner Bucht\u00a0<\/span><\/span><\/span><\/p>\n<p class=\"western\" align=\"left\"><span style=\"color: #000000\"><span style=\"font-family: DejaVu Sans, sans-serif\"><span style=\"font-size: small\"><i>Von Karsten-Thilo Raab<\/i><\/span><\/span><\/span><span style=\"color: #000000\"><span style=\"font-family: DejaVu Sans, sans-serif\"><span style=\"font-size: small\"> (<\/span><\/span><\/span><span style=\"color: #000000\"><span style=\"font-family: DejaVu Sans, sans-serif\"><span style=\"font-size: small\">4671<\/span><\/span><\/span><span style=\"color: #000000\"><span style=\"font-family: DejaVu Sans, sans-serif\"><span style=\"font-size: small\"> Zeichen \u2013 Bilder:<\/span><\/span><\/span><a href=\"http:\/\/www.srt-text.de\/\"><u> <\/u><span style=\"color: #000080\"><u><span style=\"color: #1155cc\"><span style=\"font-family: DejaVu Sans, sans-serif\"><span style=\"font-size: small\">www.srt-text.de<\/span><\/span><\/span><\/u><\/span><\/a><span style=\"color: #000000\"><span style=\"font-family: DejaVu Sans, sans-serif\"><span style=\"font-size: small\">)<\/span><\/span><\/span><\/p>\n<p class=\"western\" align=\"left\"><span style=\"color: #000000\"><span style=\"font-family: DejaVu Sans, sans-serif\"><span style=\"font-size: small\"><b>Wer hat an der Uhr gedreht? Zehn Fakten zur Zeitumstellung weltweit.<\/b><\/span><\/span><\/span> <span style=\"color: #000000\"><span style=\"font-family: DejaVu Sans, sans-serif\"><span style=\"font-size: small\">Knapp 70 L\u00e4nder weltweit haben eine &#8222;Daylight Saving Time&#8220;, so der internationale Begriff. Das schafft viel Raum f\u00fcr Verwechslungen, Reise\u00e4rgernisse und verpasste Anschlussfl\u00fcge <\/span><\/span><\/span><span style=\"color: #000000\"><span style=\"font-family: DejaVu Sans, sans-serif\"><span style=\"font-size: small\">\u00a0<\/span><\/span><\/span><\/p>\n<p class=\"western\" align=\"left\"><span style=\"color: #000000\"><span style=\"font-family: DejaVu Sans, sans-serif\"><span style=\"font-size: small\"><i>Von Hans-Werner Rodrian <\/i><\/span><\/span><\/span><span style=\"color: #000000\"><span style=\"font-family: DejaVu Sans, sans-serif\"><span style=\"font-size: small\">(<\/span><\/span><\/span><span style=\"color: #000000\"><span style=\"font-family: DejaVu Sans, sans-serif\"><span style=\"font-size: small\">5583<\/span><\/span><\/span><span style=\"color: #000000\"><span style=\"font-family: DejaVu Sans, sans-serif\"><span style=\"font-size: small\"> Zeichen \u2013 Bilder:<\/span><\/span><\/span><a href=\"http:\/\/www.srt-text.de\/\"><u> <\/u><span style=\"color: #000080\"><u><span style=\"color: #1155cc\"><span style=\"font-family: DejaVu Sans, sans-serif\"><span style=\"font-size: small\">www.srt-text.de<\/span><\/span><\/span><\/u><\/span><\/a><span style=\"color: #000000\"><span style=\"font-family: DejaVu Sans, sans-serif\"><span style=\"font-size: small\">)<\/span><\/span><\/span><\/p>\n<p class=\"western\" align=\"left\"><span style=\"color: #000000\"><span style=\"font-family: DejaVu Sans, sans-serif\"><span style=\"font-size: small\"><b>Von Seattle nach San Francisco: Die heimliche Traumstra\u00dfe.<\/b><\/span><\/span><\/span> <span style=\"color: #000000\"><span style=\"font-family: DejaVu Sans, sans-serif\"><span style=\"font-size: small\">Immer am Pazifik entlang: Auf dem Highway 101 kommt man durch eher unbekannte, aber aufregende Regionen der USA. Bereit f\u00fcr einen spannenden Roadtrip?\u00a0<\/span><\/span><\/span><\/p>\n<p class=\"western\" align=\"left\"><span style=\"color: #000000\"><span style=\"font-family: DejaVu Sans, sans-serif\"><span style=\"font-size: small\"><i>Von Brigitte von Imhof <\/i><\/span><\/span><\/span><span style=\"color: #000000\"><span style=\"font-family: DejaVu Sans, sans-serif\"><span style=\"font-size: small\">(<\/span><\/span><\/span><span style=\"color: #000000\"><span style=\"font-family: DejaVu Sans, sans-serif\"><span style=\"font-size: small\">6978<\/span><\/span><\/span><span style=\"color: #000000\"><span style=\"font-family: DejaVu Sans, sans-serif\"><span style=\"font-size: small\"> Zeichen \u2013 Bilder:<\/span><\/span><\/span><a href=\"http:\/\/www.srt-text.de\/\"><u> <\/u><span style=\"color: #000080\"><u><span style=\"color: #1155cc\"><span style=\"font-family: DejaVu Sans, sans-serif\"><span style=\"font-size: small\">www.srt-text.de<\/span><\/span><\/span><\/u><\/span><\/a><span style=\"color: #000000\"><span style=\"font-family: DejaVu Sans, sans-serif\"><span style=\"font-size: small\">)<\/span><\/span><\/span><\/p>\n<p class=\"western\" align=\"left\"><span style=\"color: #000000\"><span style=\"font-family: DejaVu Sans, sans-serif\"><span style=\"font-size: small\"><b>35 Jahre Wiedervereinigung: Bl\u00fctenpracht und Mauerreste.<\/b><\/span><\/span><\/span> <span style=\"color: #000000\"><span style=\"font-family: DejaVu Sans, sans-serif\"><span style=\"font-size: small\">Eine Radtour auf dem Berliner Mauerstreifen. Drei bis vier Tage sollte einplanen, wer den ganzen Weg abfahren m\u00f6chte\u00a0<\/span><\/span><\/span><\/p>\n<p class=\"western\" align=\"left\"><span style=\"color: #000000\"><span style=\"font-family: DejaVu Sans, sans-serif\"><span style=\"font-size: small\"><i>Von Katrin Schreiter<\/i><\/span><\/span><\/span><span style=\"color: #000000\"><span style=\"font-family: DejaVu Sans, sans-serif\"><span style=\"font-size: small\"> (<\/span><\/span><\/span><span style=\"color: #000000\"><span style=\"font-family: DejaVu Sans, sans-serif\"><span style=\"font-size: small\">5298<\/span><\/span><\/span><span style=\"color: #000000\"><span style=\"font-family: DejaVu Sans, sans-serif\"><span style=\"font-size: small\"> Zeichen \u2013 Bilder:<\/span><\/span><\/span><a href=\"http:\/\/www.srt-text.de\/\"><u> <\/u><span style=\"color: #000080\"><u><span style=\"color: #1155cc\"><span style=\"font-family: DejaVu Sans, sans-serif\"><span style=\"font-size: small\">www.srt-text.de<\/span><\/span><\/span><\/u><\/span><\/a><span style=\"color: #000000\"><span style=\"font-family: DejaVu Sans, sans-serif\"><span style=\"font-size: small\">)<\/span><\/span><\/span><\/p>\n<p class=\"western\" align=\"left\"><span style=\"color: #000000\"><span style=\"font-family: DejaVu Sans, sans-serif\"><span style=\"font-size: small\"><b>Ortsnamen in den USA: Die Sache mit dem Golf von Amerika.<\/b><\/span><\/span><\/span> <span style=\"color: #000000\"><span style=\"font-family: DejaVu Sans, sans-serif\"><span style=\"font-size: small\">Zum Gl\u00fcck hat Pr\u00e4sident Donald J. Trump bis jetzt nur einen Berg und einen Golf umbenannt. Wollte er alle fremden Ortsnamen in den USA austauschen, dann m\u00fcsste er das gesamte Land neu taufen\u00a0<\/span><\/span><\/span><\/p>\n<p class=\"western\" align=\"left\"><span style=\"color: #000000\"><span style=\"font-family: DejaVu Sans, sans-serif\"><span style=\"font-size: small\"><i>Von Tinga Horny <\/i><\/span><\/span><\/span><span style=\"color: #000000\"><span style=\"font-family: DejaVu Sans, sans-serif\"><span style=\"font-size: small\">(<\/span><\/span><\/span><span style=\"color: #000000\"><span style=\"font-family: DejaVu Sans, sans-serif\"><span style=\"font-size: small\">3955<\/span><\/span><\/span><span style=\"color: #000000\"><span style=\"font-family: DejaVu Sans, sans-serif\"><span style=\"font-size: small\"> Zeichen \u2013 Bilder:<\/span><\/span><\/span><a href=\"http:\/\/www.srt-text.de\/\"><u> <\/u><span style=\"color: #000080\"><u><span style=\"color: #1155cc\"><span style=\"font-family: DejaVu Sans, sans-serif\"><span style=\"font-size: small\">www.srt-text.de<\/span><\/span><\/span><\/u><\/span><\/a><span style=\"color: #000000\"><span style=\"font-family: DejaVu Sans, sans-serif\"><span style=\"font-size: small\">)<\/span><\/span><\/span><\/p>\n<p class=\"western\" align=\"left\"><span style=\"color: #000000\"><span style=\"font-family: DejaVu Sans, sans-serif\"><span style=\"font-size: small\"><b>25 Jahre \u00d6resundbr\u00fccke: Gro\u00dfe Vielfalt auf kurzem Weg.<\/b><\/span><\/span><\/span> <span style=\"color: #000000\"><span style=\"font-family: DejaVu Sans, sans-serif\"><span style=\"font-size: small\">Seit einem Vierteljahrhundert verbindet die \u00d6resundbr\u00fccke Kopenhagen und Malm\u00f6 und bietet Reisenden auf kurzem Wege intensive Erlebnisse in D\u00e4nemark und Schweden<\/span><\/span><\/span><\/p>\n<p class=\"western\" align=\"left\"><span style=\"color: #000000\"><span style=\"font-family: DejaVu Sans, sans-serif\"><span style=\"font-size: small\"><i>Von Heidi Siefert <\/i><\/span><\/span><\/span><span style=\"color: #000000\"><span style=\"font-family: DejaVu Sans, sans-serif\"><span style=\"font-size: small\">(<\/span><\/span><\/span><span style=\"color: #000000\"><span style=\"font-family: DejaVu Sans, sans-serif\"><span style=\"font-size: small\">6891<\/span><\/span><\/span><span style=\"color: #000000\"><span style=\"font-family: DejaVu Sans, sans-serif\"><span style=\"font-size: small\"> Zeichen \u2013 Bilder:<\/span><\/span><\/span><u> <\/u><span style=\"color: #000080\"><u><a href=\"http:\/\/www.srt-text.de\/\"><span style=\"color: #1155cc\"><span style=\"font-family: DejaVu Sans, sans-serif\"><span style=\"font-size: small\">www.srt-text.de<\/span><\/span><\/span><\/a><\/u><\/span><span style=\"color: #000000\"><span style=\"font-family: DejaVu Sans, sans-serif\"><span style=\"font-size: small\">)<\/span><\/span><\/span><\/p>\n<p class=\"western\" align=\"center\"><span style=\"font-family: DejaVu Sans, sans-serif\"><span style=\"font-size: small\"><b>KURZ GEMELDET<\/b><\/span><\/span><\/p>\n<p class=\"western\" align=\"left\"><span style=\"font-family: DejaVu Sans, sans-serif\"><span style=\"font-size: small\">Costa Rica: Nationalfeiertag zu Ehren eines Helden<\/span><\/span><\/p>\n<p class=\"western\" align=\"left\"><span style=\"font-family: DejaVu Sans, sans-serif\"><span style=\"font-size: small\">Guernsey: Reise in die Erinnerung <\/span><\/span><\/p>\n<p class=\"western\" align=\"left\"><span style=\"font-family: DejaVu Sans, sans-serif\"><span style=\"font-size: small\">Frankreich: Zu den schwimmenden G\u00e4rten von Amiens<\/span><\/span><\/p>\n<p class=\"western\" align=\"left\"><span style=\"font-family: DejaVu Sans, sans-serif\"><span style=\"font-size: small\">Schweiz: Festival-Premiere in Andermatt<\/span><\/span><\/p>\n<p class=\"western\" align=\"left\"><span style=\"font-family: DejaVu Sans, sans-serif\"><span style=\"font-size: small\">\u00d6sterreich: Mobil im Salzburger Land<\/span><\/span><\/p>\n<p class=\"western\" align=\"left\"><span style=\"font-family: DejaVu Sans, sans-serif\"><span style=\"font-size: small\">Innsbruck: Wird Benko-Villa zum Hotel?<\/span><\/span><\/p>\n<p class=\"western\" align=\"left\"><span style=\"font-family: DejaVu Sans, sans-serif\"><span style=\"font-size: small\">Ryanair: Wer unp\u00fcnktlich ist, muss zahlen\u00a0<\/span><\/span><\/p>\n<p class=\"western\" align=\"left\"><span style=\"font-family: DejaVu Sans, sans-serif\"><span style=\"font-size: small\">Mosel: Wandern zur Weinbergpfirsichbl\u00fcte<\/span><\/span><\/p>\n<p class=\"western\" align=\"left\"><span style=\"font-family: DejaVu Sans, sans-serif\"><span style=\"font-size: small\">Europa Park: Monaco kommt\u00a0<\/span><\/span><\/p>\n<p class=\"western\" align=\"left\"><span style=\"font-family: DejaVu Sans, sans-serif\"><span style=\"font-size: small\">Allg\u00e4u: Landesausstellung zum Bauernkrieg<\/span><\/span><\/p>\n<p class=\"western\" align=\"center\"><span style=\"font-family: DejaVu Sans, sans-serif\"><span style=\"font-size: small\"><b>BUCHBESPRECHUNG<\/b><\/span><\/span><\/p>\n<p class=\"western\" align=\"left\"><span style=\"color: #000000\"><span style=\"font-family: DejaVu Sans, sans-serif\"><span style=\"font-size: small\"><b><br \/>\nReise nach Jerusalem.<\/b><\/span><\/span><\/span> <span style=\"color: #000000\"><span style=\"font-family: DejaVu Sans, sans-serif\"><span style=\"font-size: small\">Eric-Emmanuel Schmitt unternimmt auf Bitten des Papstes eine ganz besondere Wallfahrt ins Heilige Land. Ein spiritueller Reisebericht<\/span><\/span><\/span><\/p>\n<p class=\"western\" align=\"left\"><span style=\"color: #000000\"><span style=\"font-family: DejaVu Sans, sans-serif\"><span style=\"font-size: small\"><i>Von Simone F. Lucas<\/i><\/span><\/span><\/span><span style=\"color: #000000\"><span style=\"font-family: DejaVu Sans, sans-serif\"><span style=\"font-size: small\"> (<\/span><\/span><\/span><span style=\"color: #000000\"><span style=\"font-family: DejaVu Sans, sans-serif\"><span style=\"font-size: small\">3043<\/span><\/span><\/span><span style=\"color: #000000\"><span style=\"font-family: DejaVu Sans, sans-serif\"><span style=\"font-size: small\"> Zeichen \u2013 Buchcover:<\/span><\/span><\/span><span style=\"color: #000080\"><u><a href=\"http:\/\/www.srt-text.de\/\"><span style=\"color: #1155cc\"><span style=\"font-family: DejaVu Sans, sans-serif\"><span style=\"font-size: small\"> www.srt-text.de<\/span><\/span><\/span><\/a><\/u><\/span><span style=\"color: #000000\"><span style=\"font-family: DejaVu Sans, sans-serif\"><span style=\"font-size: small\">)<\/span><\/span><\/span><\/p>\n<p class=\"western\" align=\"left\"><span style=\"font-family: DejaVu Sans, sans-serif\"><span style=\"font-size: small\"><i>Textredaktion dieser Woche Marc Reisner, Co-Redakteurin Tinga Horny<\/i><\/span><\/span><\/p>\n","protected":false},"excerpt":{"rendered":"<p>Natur und Kultur erwandern: Die Quintessenz des sizilianischen Barocks. Schon Goethe sch\u00e4tzte die italienische Insel. Kein Wunder: Im S\u00fcdosten der Mittelmeerinsel locken barocke St\u00e4dte und geschichtstr\u00e4chtige Landschaften\u00a0 Von Uwe Junker (6334 Zeichen \u2013 Bilder: www.srt-text.de) Irlands Top Ten: Aufragende Klippen, aufregende Kultur. Die gr\u00fcne Insel hat weit mehr zu bieten<a href=\"https:\/\/www.srt-partner.de\/index.php\/kw-13-versendet-am-24-03-2025\/\" class=\"read-more\">Read More&#8230;<\/a><\/p>\n","protected":false},"author":7,"featured_media":0,"comment_status":"closed","ping_status":"closed","sticky":false,"template":"","format":"standard","meta":{"footnotes":""},"categories":[12],"tags":[],"class_list":["post-3351","post","type-post","status-publish","format-standard","hentry","category-texte"],"aioseo_notices":[],"_links":{"self":[{"href":"https:\/\/www.srt-partner.de\/index.php\/wp-json\/wp\/v2\/posts\/3351","targetHints":{"allow":["GET"]}}],"collection":[{"href":"https:\/\/www.srt-partner.de\/index.php\/wp-json\/wp\/v2\/posts"}],"about":[{"href":"https:\/\/www.srt-partner.de\/index.php\/wp-json\/wp\/v2\/types\/post"}],"author":[{"embeddable":true,"href":"https:\/\/www.srt-partner.de\/index.php\/wp-json\/wp\/v2\/users\/7"}],"replies":[{"embeddable":true,"href":"https:\/\/www.srt-partner.de\/index.php\/wp-json\/wp\/v2\/comments?post=3351"}],"version-history":[{"count":1,"href":"https:\/\/www.srt-partner.de\/index.php\/wp-json\/wp\/v2\/posts\/3351\/revisions"}],"predecessor-version":[{"id":3352,"href":"https:\/\/www.srt-partner.de\/index.php\/wp-json\/wp\/v2\/posts\/3351\/revisions\/3352"}],"wp:attachment":[{"href":"https:\/\/www.srt-partner.de\/index.php\/wp-json\/wp\/v2\/media?parent=3351"}],"wp:term":[{"taxonomy":"category","embeddable":true,"href":"https:\/\/www.srt-partner.de\/index.php\/wp-json\/wp\/v2\/categories?post=3351"},{"taxonomy":"post_tag","embeddable":true,"href":"https:\/\/www.srt-partner.de\/index.php\/wp-json\/wp\/v2\/tags?post=3351"}],"curies":[{"name":"wp","href":"https:\/\/api.w.org\/{rel}","templated":true}]}}