{"id":3369,"date":"2025-05-05T10:26:42","date_gmt":"2025-05-05T10:26:42","guid":{"rendered":"https:\/\/www.srt-partner.de\/?p=3369"},"modified":"2025-05-12T08:22:15","modified_gmt":"2025-05-12T08:22:15","slug":"kw-19-versenet-am-05-05-2025","status":"publish","type":"post","link":"https:\/\/www.srt-partner.de\/index.php\/kw-19-versenet-am-05-05-2025\/","title":{"rendered":"KW 19, versendet am 05.05.2025"},"content":{"rendered":"<p class=\"western\" align=\"left\"><span style=\"font-family: DejaVu Sans, sans-serif\"><span style=\"font-size: small\"><b>Wilde Kreuzspitze: Einfach (und) sch\u00f6n, dieser Dreitausender. <\/b><\/span><\/span><span style=\"font-family: DejaVu Sans, sans-serif\"><span style=\"font-size: small\">Der \u201eVorname\u201c der Wilden Kreuzspitze irritiert etwas, ist doch der Hauptgipfel der Pfunderer Berge in S\u00fcdtirol ein gut machbarer Dreitausender. Was man durchaus braucht: Kondition und genug Speicherplatz f\u00fcr Fotos, Stichwort: Hammerpanorama\u00a0<\/span><\/span><\/p>\n<p class=\"western\" align=\"left\"><span style=\"color: #000000\"><span style=\"font-family: DejaVu Sans, sans-serif\"><span style=\"font-size: small\"><i>Von Christian Haas <\/i><\/span><\/span><\/span><span style=\"color: #000000\"><span style=\"font-family: DejaVu Sans, sans-serif\"><span style=\"font-size: small\">(<\/span><\/span><\/span><span style=\"color: #000000\"><span style=\"font-family: DejaVu Sans, sans-serif\"><span style=\"font-size: small\">6157<\/span><\/span><\/span><span style=\"color: #000000\"><span style=\"font-family: DejaVu Sans, sans-serif\"><span style=\"font-size: small\"> Zeichen, Bilder: <\/span><\/span><\/span><span style=\"color: #000080\"><u><a href=\"http:\/\/www.srt-text.de\/\"><span style=\"font-family: DejaVu Sans, sans-serif\"><span style=\"font-size: small\">www.srt-text.de<\/span><\/span><\/a><\/u><\/span><span style=\"color: #000000\"><span style=\"font-family: DejaVu Sans, sans-serif\"><span style=\"font-size: small\">)<\/span><\/span><\/span><\/p>\n<p class=\"western\" align=\"left\"><span style=\"font-family: DejaVu Sans, sans-serif\"><span style=\"font-size: small\"><b>Cap d\u00b4Antibes: Bonjour, Monsieur Milliard\u00e4r.<\/b><\/span><\/span><span style=\"font-family: DejaVu Sans, sans-serif\"><span style=\"font-size: small\"> Unterwegs auf den exklusivsten vier Quadratkilometern Land an der C\u00f4te d\u00b4Azur &#8211; wo Madonna, Clooney &amp; Co Urlaub machen<\/span><\/span><\/p>\n<p class=\"western\" align=\"left\"><span style=\"color: #000000\"><span style=\"font-family: DejaVu Sans, sans-serif\"><span style=\"font-size: small\">V<\/span><\/span><\/span><span style=\"color: #000000\"><span style=\"font-family: DejaVu Sans, sans-serif\"><span style=\"font-size: small\"><i>on Helge Sobik <\/i><\/span><\/span><\/span><span style=\"color: #000000\"><span style=\"font-family: DejaVu Sans, sans-serif\"><span style=\"font-size: small\">(<\/span><\/span><\/span><span style=\"color: #000000\"><span style=\"font-family: DejaVu Sans, sans-serif\"><span style=\"font-size: small\">5116<\/span><\/span><\/span><span style=\"color: #000000\"><span style=\"font-family: DejaVu Sans, sans-serif\"><span style=\"font-size: small\"> Zeichen, Bilder: <\/span><\/span><\/span><span style=\"color: #000080\"><u><a href=\"http:\/\/www.srt-text.de\/\"><span style=\"font-family: DejaVu Sans, sans-serif\"><span style=\"font-size: small\">www.srt-text.de<\/span><\/span><\/a><\/u><\/span><span style=\"color: #000000\"><span style=\"font-family: DejaVu Sans, sans-serif\"><span style=\"font-size: small\">)<\/span><\/span><\/span><\/p>\n<p class=\"western\" align=\"left\"><span style=\"font-family: DejaVu Sans, sans-serif\"><span style=\"font-size: small\"><b>Costa Blanca: Im Rausch der Farben und D\u00fcfte. <\/b><\/span><\/span><span style=\"font-family: DejaVu Sans, sans-serif\"><span style=\"font-size: small\">An der &#8222;wei\u00dfen K\u00fcste&#8220; zwischen Alicante und Valencia locken einige der sch\u00f6nsten Wanderwege Spaniens \u2013 und im Fr\u00fchling ist man dort noch weitgehend allein<\/span><\/span><\/p>\n<p class=\"western\" align=\"left\"><span style=\"color: #000000\"><span style=\"font-family: DejaVu Sans, sans-serif\"><span style=\"font-size: small\"><i>Von Fabian von Poser <\/i><\/span><\/span><\/span><span style=\"color: #000000\"><span style=\"font-family: DejaVu Sans, sans-serif\"><span style=\"font-size: small\">(<\/span><\/span><\/span><span style=\"color: #000000\"><span style=\"font-family: DejaVu Sans, sans-serif\"><span style=\"font-size: small\">5539<\/span><\/span><\/span><span style=\"color: #000000\"><span style=\"font-family: DejaVu Sans, sans-serif\"><span style=\"font-size: small\"> Zeichen, Bilder: <\/span><\/span><\/span><span style=\"color: #000080\"><u><a href=\"http:\/\/www.srt-text.de\/\"><span style=\"font-family: DejaVu Sans, sans-serif\"><span style=\"font-size: small\">www.srt-text.de<\/span><\/span><\/a><\/u><\/span><span style=\"color: #000000\"><span style=\"font-family: DejaVu Sans, sans-serif\"><span style=\"font-size: small\">)<\/span><\/span><\/span><\/p>\n<p class=\"western\" align=\"left\"><span style=\"font-family: DejaVu Sans, sans-serif\"><span style=\"font-size: small\"><b>Urlaub mit Musik: Die gro\u00dfen Sommer-Festivals der Volksmusik. <\/b><\/span><\/span><span style=\"font-family: DejaVu Sans, sans-serif\"><span style=\"font-size: small\">Vom Woodstock der Blasmusik bis zum Spatzenfest in Kastelruth \u2013 die zehn sch\u00f6nsten Volksmusikantentreffen in den Alpen<\/span><\/span><\/p>\n<p class=\"western\" align=\"left\"><span style=\"color: #000000\"><span style=\"font-family: DejaVu Sans, sans-serif\"><span style=\"font-size: small\"><i>Von Sabine Metzger<\/i><\/span><\/span><\/span><span style=\"color: #000000\"><span style=\"font-family: DejaVu Sans, sans-serif\"><span style=\"font-size: small\"> (<\/span><\/span><\/span><span style=\"color: #000000\"><span style=\"font-family: DejaVu Sans, sans-serif\"><span style=\"font-size: small\">8883<\/span><\/span><\/span><span style=\"color: #000000\"><span style=\"font-family: DejaVu Sans, sans-serif\"><span style=\"font-size: small\"> Zeichen, Bilder: <\/span><\/span><\/span><span style=\"color: #000080\"><u><a href=\"http:\/\/www.srt-text.de\/\"><span style=\"font-family: DejaVu Sans, sans-serif\"><span style=\"font-size: small\">www.srt-text.de<\/span><\/span><\/a><\/u><\/span><span style=\"color: #000000\"><span style=\"font-family: DejaVu Sans, sans-serif\"><span style=\"font-size: small\">)<\/span><\/span><\/span><\/p>\n<p class=\"western\" align=\"left\"><span style=\"font-family: DejaVu Sans, sans-serif\"><span style=\"font-size: small\"><b>Kreuzfahrt: Kiffen bleibt tabu.<\/b><\/span><\/span><span style=\"font-family: DejaVu Sans, sans-serif\"><span style=\"font-size: small\"> Obwohl der Konsum und Besitz von Cannabis in vielen L\u00e4ndern zunehmend entkriminalisiert wird, bleibt der \u201eStoff\u201c auf Kreuzfahrtschiffen strikt verboten<\/span><\/span><\/p>\n<p class=\"western\" align=\"left\"><span style=\"color: #000000\"><span style=\"font-family: DejaVu Sans, sans-serif\"><span style=\"font-size: small\"><i>Von Brigitte von Imhof\u00a0<\/i><\/span><\/span><\/span><span style=\"color: #000000\"><span style=\"font-family: DejaVu Sans, sans-serif\"><span style=\"font-size: small\">(<\/span><\/span><\/span><span style=\"color: #000000\"><span style=\"font-family: DejaVu Sans, sans-serif\"><span style=\"font-size: small\">2516<\/span><\/span><\/span><span style=\"color: #000000\"><span style=\"font-family: DejaVu Sans, sans-serif\"><span style=\"font-size: small\"> Zeichen, Bilder: <\/span><\/span><\/span><span style=\"color: #000080\"><u><a href=\"http:\/\/www.srt-text.de\/\"><span style=\"font-family: DejaVu Sans, sans-serif\"><span style=\"font-size: small\">www.srt-text.de<\/span><\/span><\/a><\/u><\/span><span style=\"color: #000000\"><span style=\"font-family: DejaVu Sans, sans-serif\"><span style=\"font-size: small\">)<\/span><\/span><\/span><\/p>\n<p class=\"western\" align=\"left\"><span style=\"font-family: DejaVu Sans, sans-serif\"><span style=\"font-size: small\"><b>Besuch in Rom: Auf den Spuren der Tedeschi.<\/b><\/span><\/span><span style=\"font-family: DejaVu Sans, sans-serif\"><span style=\"font-size: small\"> Heiliges Jahr, Papstwahl oder einfach Lust auf Italien? Es gibt viele Gr\u00fcnde, nach Rom zu reisen. Wer den Massen in diesem Jahr etwas aus dem Weg gehen m\u00f6chte, geht andere Wege und besucht zum Beispiel die Deutschen St\u00e4tten in Rom<\/span><\/span><\/p>\n<p class=\"western\" align=\"left\"><span style=\"color: #000000\"><span style=\"font-family: DejaVu Sans, sans-serif\"><span style=\"font-size: small\"><i>Von Sandra Ehegartner\u00a0<\/i><\/span><\/span><\/span><span style=\"color: #000000\"><span style=\"font-family: DejaVu Sans, sans-serif\"><span style=\"font-size: small\">(<\/span><\/span><\/span><span style=\"color: #000000\"><span style=\"font-family: DejaVu Sans, sans-serif\"><span style=\"font-size: small\">5629<\/span><\/span><\/span><span style=\"color: #000000\"><span style=\"font-family: DejaVu Sans, sans-serif\"><span style=\"font-size: small\"> Zeichen, Bilder: <\/span><\/span><\/span><span style=\"color: #000080\"><u><a href=\"http:\/\/www.srt-text.de\/\"><span style=\"font-family: DejaVu Sans, sans-serif\"><span style=\"font-size: small\">www.srt-text.de<\/span><\/span><\/a><\/u><\/span><span style=\"color: #000000\"><span style=\"font-family: DejaVu Sans, sans-serif\"><span style=\"font-size: small\">)<\/span><\/span><\/span><\/p>\n<p class=\"western\" align=\"left\"><span style=\"font-family: DejaVu Sans, sans-serif\"><span style=\"font-size: small\"><b>Katalonien: Bemalte Tischw\u00e4sche und ein \u201egeologisches Delirium\u201c. <\/b><\/span><\/span><span style=\"font-family: DejaVu Sans, sans-serif\"><span style=\"font-size: small\">Die Costa Brava begeistert mit wilder Natur und lebendiger Erinnerung an das K\u00fcnstler-Genie Salvador Dal\u00ed<\/span><\/span><\/p>\n<p class=\"western\" align=\"left\"><span style=\"color: #000000\"><span style=\"font-family: DejaVu Sans, sans-serif\"><span style=\"font-size: small\"><i>Von Heidi Siefert <\/i><\/span><\/span><\/span><span style=\"color: #000000\"><span style=\"font-family: DejaVu Sans, sans-serif\"><span style=\"font-size: small\">(<\/span><\/span><\/span><span style=\"color: #000000\"><span style=\"font-family: DejaVu Sans, sans-serif\"><span style=\"font-size: small\">5027<\/span><\/span><\/span><span style=\"color: #000000\"><span style=\"font-family: DejaVu Sans, sans-serif\"><span style=\"font-size: small\"> Zeichen, Bilder: <\/span><\/span><\/span><span style=\"color: #000080\"><u><a href=\"http:\/\/www.srt-text.de\/\"><span style=\"font-family: DejaVu Sans, sans-serif\"><span style=\"font-size: small\">www.srt-text.de<\/span><\/span><\/a><\/u><\/span><span style=\"color: #000000\"><span style=\"font-family: DejaVu Sans, sans-serif\"><span style=\"font-size: small\">)<\/span><\/span><\/span><\/p>\n<p class=\"western\" align=\"left\"><span style=\"font-family: DejaVu Sans, sans-serif\"><span style=\"font-size: small\"><b>Lefkada, Kefalonia und Zakynthos: Gr\u00fcne Inseln mit venezianischem Flair. <\/b><\/span><\/span><span style=\"font-family: DejaVu Sans, sans-serif\"><span style=\"font-size: small\">Die Ionischen Inseln vor der griechischen Westk\u00fcste faszinieren nicht nur mit Traumstr\u00e4nden und \u00fcppiger, gr\u00fcner Vegetation, sondern auch mit R\u00e4tseln, Wundern und Aberglauben<\/span><\/span><\/p>\n<p class=\"western\" align=\"left\"><span style=\"color: #000000\"><span style=\"font-family: DejaVu Sans, sans-serif\"><span style=\"font-size: small\"><i>Von Sybille Boolakee <\/i><\/span><\/span><\/span><span style=\"color: #000000\"><span style=\"font-family: DejaVu Sans, sans-serif\"><span style=\"font-size: small\">(<\/span><\/span><\/span><span style=\"color: #000000\"><span style=\"font-family: DejaVu Sans, sans-serif\"><span style=\"font-size: small\">6274<\/span><\/span><\/span><span style=\"color: #000000\"><span style=\"font-family: DejaVu Sans, sans-serif\"><span style=\"font-size: small\"> Zeichen, Bilder: <\/span><\/span><\/span><span style=\"color: #000080\"><u><a href=\"http:\/\/www.srt-text.de\/\"><span style=\"font-family: DejaVu Sans, sans-serif\"><span style=\"font-size: small\">www.srt-text.de<\/span><\/span><\/a><\/u><\/span><span style=\"color: #000000\"><span style=\"font-family: DejaVu Sans, sans-serif\"><span style=\"font-size: small\">)<\/span><\/span><\/span><\/p>\n<p class=\"western\" align=\"left\"><span style=\"font-family: DejaVu Sans, sans-serif\"><span style=\"font-size: small\"><b>Berner Oberland: Fonduespa\u00df und Festivalfieber. <\/b><\/span><\/span><span style=\"font-family: DejaVu Sans, sans-serif\"><span style=\"font-size: small\">Die Schweizer Region Saanenland lockt Sommerg\u00e4ste mit \u00fcberdimensionalen Fonduet\u00f6pfen in den Bergen, einer K\u00e4sekathedrale tief unter der Erde und klassischen Kl\u00e4ngen beim 69. Menuhin Festival.<\/span><\/span><\/p>\n<p class=\"western\" align=\"left\"><span style=\"color: #000000\"><span style=\"font-family: DejaVu Sans, sans-serif\"><span style=\"font-size: small\"><i>Von Susanne Freitag <\/i><\/span><\/span><\/span><span style=\"color: #000000\"><span style=\"font-family: DejaVu Sans, sans-serif\"><span style=\"font-size: small\">(<\/span><\/span><\/span><span style=\"color: #000000\"><span style=\"font-family: DejaVu Sans, sans-serif\"><span style=\"font-size: small\">3662<\/span><\/span><\/span><span style=\"color: #000000\"><span style=\"font-family: DejaVu Sans, sans-serif\"><span style=\"font-size: small\"> Zeichen, Bilder: <\/span><\/span><\/span><span style=\"color: #000080\"><u><a href=\"http:\/\/www.srt-text.de\/\"><span style=\"font-family: DejaVu Sans, sans-serif\"><span style=\"font-size: small\">www.srt-text.de<\/span><\/span><\/a><\/u><\/span><span style=\"color: #000000\"><span style=\"font-family: DejaVu Sans, sans-serif\"><span style=\"font-size: small\">)<\/span><\/span><\/span><\/p>\n<p class=\"western\" align=\"left\"><span style=\"font-family: DejaVu Sans, sans-serif\"><span style=\"font-size: small\"><b>Buenos Aires mal anders: Fr\u00fchst\u00fcck f\u00fcr die Obdachlosen.<\/b><\/span><\/span><span style=\"font-family: DejaVu Sans, sans-serif\"><span style=\"font-size: small\"> Wer den Missionsbenediktinerinnen in die Slums der argentinischen Metropole folgt, der entdeckt eine ganz andere Welt, nur wenige Meter von den Tango-Shows und Instagram-Fotospots entfernt\u00a0<\/span><\/span><\/p>\n<p class=\"western\" align=\"left\"><span style=\"color: #000000\"><span style=\"font-family: DejaVu Sans, sans-serif\"><span style=\"font-size: small\"><i>Von Hans-Werner Rodrian <\/i><\/span><\/span><\/span><span style=\"color: #000000\"><span style=\"font-family: DejaVu Sans, sans-serif\"><span style=\"font-size: small\">(<\/span><\/span><\/span><span style=\"color: #000000\"><span style=\"font-family: DejaVu Sans, sans-serif\"><span style=\"font-size: small\">4472<\/span><\/span><\/span><span style=\"color: #000000\"><span style=\"font-family: DejaVu Sans, sans-serif\"><span style=\"font-size: small\"> Zeichen, Bilder: <\/span><\/span><\/span><span style=\"color: #000080\"><u><a href=\"http:\/\/www.srt-text.de\/\"><span style=\"font-family: DejaVu Sans, sans-serif\"><span style=\"font-size: small\">www.srt-text.de<\/span><\/span><\/a><\/u><\/span><span style=\"color: #000000\"><span style=\"font-family: DejaVu Sans, sans-serif\"><span style=\"font-size: small\">)<\/span><\/span><\/span><\/p>\n<p class=\"western\" align=\"center\"><span style=\"font-family: DejaVu Sans, sans-serif\"><span style=\"font-size: small\"><b>KURZ GEMELDET<\/b><\/span><\/span><\/p>\n<p class=\"western\" align=\"left\"><span style=\"font-family: DejaVu Sans, sans-serif\"><span style=\"font-size: small\">Reisen: Neuschwanstein auf der Bucket List <\/span><\/span><\/p>\n<p class=\"western\" align=\"left\"><span style=\"font-family: DejaVu Sans, sans-serif\"><span style=\"font-size: small\">Luftfahrt: Roboter am M\u00fcnchner Flughafen<\/span><\/span><\/p>\n<p class=\"western\" align=\"left\"><span style=\"font-family: DejaVu Sans, sans-serif\"><span style=\"font-size: small\">Camping: Gro\u00dfe Unterschiede bei den Preisen\u00a0<\/span><\/span><\/p>\n<p class=\"western\" align=\"left\"><span style=\"font-family: DejaVu Sans, sans-serif\"><span style=\"font-size: small\">Arizona: P\u00e4pstliche Sternwarte in Tucson<\/span><\/span><\/p>\n<p class=\"western\" align=\"left\"><span style=\"font-family: DejaVu Sans, sans-serif\"><span style=\"font-size: small\">Polen: Fotoverbot f\u00fcr kritische Infrastruktur<\/span><\/span><\/p>\n<p class=\"western\" align=\"left\"><span style=\"font-family: DejaVu Sans, sans-serif\"><span style=\"font-size: small\">Tschechien: Die Moldau wird gefeiert <\/span><\/span><\/p>\n<p class=\"western\" align=\"left\"><span style=\"font-family: DejaVu Sans, sans-serif\"><span style=\"font-size: small\">Spanien: In Hochgeschwindigkeit nach Sevilla<\/span><\/span><\/p>\n<p class=\"western\" align=\"left\"><span style=\"font-family: DejaVu Sans, sans-serif\"><span style=\"font-size: small\">Gastein: Genussmomente in der Natur<\/span><\/span><\/p>\n<p class=\"western\" align=\"left\"><span style=\"font-family: DejaVu Sans, sans-serif\"><span style=\"font-size: small\">Ober\u00f6sterreich: Wanderdorf in der Donauregion <\/span><\/span><\/p>\n<p class=\"western\" align=\"left\"><span style=\"font-family: DejaVu Sans, sans-serif\"><span style=\"font-size: small\">Eifel: Jubil\u00e4um im Lava Dome<\/span><\/span><\/p>\n<p class=\"western\" align=\"left\"><span style=\"font-family: DejaVu Sans, sans-serif\"><span style=\"font-size: small\">Kulturhauptstadt: Auf dem Purple Path<\/span><\/span><\/p>\n<p class=\"western\" align=\"left\"><span style=\"font-family: DejaVu Sans, sans-serif\"><span style=\"font-size: small\">Allg\u00e4u: Acht Wege zum Wohlbefinden\u00a0<\/span><\/span><\/p>\n<p class=\"western\" align=\"center\"><span style=\"font-family: DejaVu Sans, sans-serif\"><span style=\"font-size: small\"><b>BUCHBESPRECHUNG<\/b><\/span><\/span><\/p>\n<p class=\"western\" align=\"left\"><span style=\"color: #000000\"><span style=\"font-family: DejaVu Sans, sans-serif\"><span style=\"font-size: small\"><b>Halligen-Alltag: <\/b><\/span><\/span><\/span><span style=\"color: #000000\"><span style=\"font-family: DejaVu Sans, sans-serif\"><span style=\"font-size: small\">Jan Keith l\u00e4dt mit seinen gesammelten Kolumnen unter \u201eMeine Hallig Hooge\u201c dazu ein, den Alltag einer Hallig n\u00e4her kennenzulernen<\/span><\/span><\/span><\/p>\n<p class=\"western\" align=\"left\"><span style=\"color: #000000\"><span style=\"font-family: DejaVu Sans, sans-serif\"><span style=\"font-size: small\"><i>Von Lilo Solcher <\/i><\/span><\/span><\/span><span style=\"color: #000000\"><span style=\"font-family: DejaVu Sans, sans-serif\"><span style=\"font-size: small\">(2<\/span><\/span><\/span><span style=\"color: #000000\"><span style=\"font-family: DejaVu Sans, sans-serif\"><span style=\"font-size: small\">42<\/span><\/span><\/span><span style=\"color: #000000\"><span style=\"font-family: DejaVu Sans, sans-serif\"><span style=\"font-size: small\">0 Zeichen, Bilder: <\/span><\/span><\/span><span style=\"color: #000080\"><u><a href=\"http:\/\/www.srt-text.de\/\"><span style=\"font-family: DejaVu Sans, sans-serif\"><span style=\"font-size: small\">www.srt-text.de<\/span><\/span><\/a><\/u><\/span><span style=\"color: #000000\"><span style=\"font-family: DejaVu Sans, sans-serif\"><span style=\"font-size: small\">)<\/span><\/span><\/span><\/p>\n<p class=\"western\" align=\"left\"><span style=\"color: #000000\"><span style=\"font-family: DejaVu Sans, sans-serif\"><span style=\"font-size: small\"><i>Textredakteurin dieser Woche war Heidrun Braun, Co-Redakteurin Heidi Siefert<\/i><\/span><\/span><\/span><\/p>\n","protected":false},"excerpt":{"rendered":"<p>Wilde Kreuzspitze: Einfach (und) sch\u00f6n, dieser Dreitausender. Der \u201eVorname\u201c der Wilden Kreuzspitze irritiert etwas, ist doch der Hauptgipfel der Pfunderer Berge in S\u00fcdtirol ein gut machbarer Dreitausender. Was man durchaus braucht: Kondition und genug Speicherplatz f\u00fcr Fotos, Stichwort: Hammerpanorama\u00a0 Von Christian Haas (6157 Zeichen, Bilder: www.srt-text.de) Cap d\u00b4Antibes: Bonjour, Monsieur<a href=\"https:\/\/www.srt-partner.de\/index.php\/kw-19-versenet-am-05-05-2025\/\" class=\"read-more\">Read More&#8230;<\/a><\/p>\n","protected":false},"author":7,"featured_media":0,"comment_status":"closed","ping_status":"closed","sticky":false,"template":"","format":"standard","meta":{"footnotes":""},"categories":[12],"tags":[],"class_list":["post-3369","post","type-post","status-publish","format-standard","hentry","category-texte"],"aioseo_notices":[],"_links":{"self":[{"href":"https:\/\/www.srt-partner.de\/index.php\/wp-json\/wp\/v2\/posts\/3369","targetHints":{"allow":["GET"]}}],"collection":[{"href":"https:\/\/www.srt-partner.de\/index.php\/wp-json\/wp\/v2\/posts"}],"about":[{"href":"https:\/\/www.srt-partner.de\/index.php\/wp-json\/wp\/v2\/types\/post"}],"author":[{"embeddable":true,"href":"https:\/\/www.srt-partner.de\/index.php\/wp-json\/wp\/v2\/users\/7"}],"replies":[{"embeddable":true,"href":"https:\/\/www.srt-partner.de\/index.php\/wp-json\/wp\/v2\/comments?post=3369"}],"version-history":[{"count":2,"href":"https:\/\/www.srt-partner.de\/index.php\/wp-json\/wp\/v2\/posts\/3369\/revisions"}],"predecessor-version":[{"id":3373,"href":"https:\/\/www.srt-partner.de\/index.php\/wp-json\/wp\/v2\/posts\/3369\/revisions\/3373"}],"wp:attachment":[{"href":"https:\/\/www.srt-partner.de\/index.php\/wp-json\/wp\/v2\/media?parent=3369"}],"wp:term":[{"taxonomy":"category","embeddable":true,"href":"https:\/\/www.srt-partner.de\/index.php\/wp-json\/wp\/v2\/categories?post=3369"},{"taxonomy":"post_tag","embeddable":true,"href":"https:\/\/www.srt-partner.de\/index.php\/wp-json\/wp\/v2\/tags?post=3369"}],"curies":[{"name":"wp","href":"https:\/\/api.w.org\/{rel}","templated":true}]}}