{"id":3574,"date":"2026-08-31T09:07:04","date_gmt":"2026-08-31T09:07:04","guid":{"rendered":"https:\/\/www.srt-partner.de\/?p=3574"},"modified":"2026-08-31T09:07:04","modified_gmt":"2026-08-31T09:07:04","slug":"kw-36-versendet-am-31-08-2026","status":"publish","type":"post","link":"https:\/\/www.srt-partner.de\/index.php\/kw-36-versendet-am-31-08-2026\/","title":{"rendered":"KW 36, versendet am 31.08.2026"},"content":{"rendered":"<p class=\"western\" align=\"left\"><span style=\"font-family: DejaVu Sans, sans-serif\"><span style=\"font-size: small\"><b>400 Jahre Reeperbahn: Von den Reepschl\u00e4gern zur Am\u00fcsiermeile. <\/b><\/span><\/span><span style=\"font-family: DejaVu Sans, sans-serif\"><span style=\"font-size: small\">Den 400. Geburtstag feiert Hamburgs \u201es\u00fcndige Meile\u201c mit einem Festival. Mitte September dreht sich alles um Musik, Vielfalt, Toleranz und Multikulti. Eine Zeitreise in die Geschichte St. Paulis und zu den Anf\u00e4ngen der Beatles\u00a0<\/span><\/span><\/p>\n<p class=\"western\" align=\"left\"><i><\/i><span style=\"color: #000000\"><span style=\"font-family: DejaVu Sans, sans-serif\"><span style=\"font-size: small\"><i>Von Lilo Solcher<\/i><\/span><\/span><\/span> <span style=\"color: #000000\"><span style=\"font-family: DejaVu Sans, sans-serif\"><span style=\"font-size: small\">(59<\/span><\/span><\/span><span style=\"color: #000000\"><span style=\"font-family: DejaVu Sans, sans-serif\"><span style=\"font-size: small\">65<\/span><\/span><\/span><span style=\"color: #000000\"><span style=\"font-family: DejaVu Sans, sans-serif\"><span style=\"font-size: small\"> Zeichen plus Infoteil \u2013 Bilder: <\/span><\/span><\/span><span style=\"color: #000080\"><u><a href=\"http:\/\/www.srt-text.de\/\"><span style=\"color: #000000\"><span style=\"font-family: DejaVu Sans, sans-serif\"><span style=\"font-size: small\">www.srt-text.de<\/span><\/span><\/span><\/a><\/u><\/span><span style=\"color: #000000\"><span style=\"font-family: DejaVu Sans, sans-serif\"><span style=\"font-size: small\">)<\/span><\/span><\/span><\/p>\n<p class=\"western\" align=\"left\"><span style=\"font-family: DejaVu Sans, sans-serif\"><span style=\"font-size: small\"><b>S\u00fcdtiroler Eisacktal: Wo der Herbst am besten schmeckt. <\/b><\/span><\/span><span style=\"font-family: DejaVu Sans, sans-serif\"><span style=\"font-size: small\">In der Gegend rund um Brixen hat das \u201eT\u00f6rggelen\u201c seine Wurzeln. Hier lassen sich Wandern und kulinarische Hochgen\u00fcsse auf wunderbare Weise verbinden<\/span><\/span><\/p>\n<p class=\"western\" align=\"left\"><i><\/i><span style=\"color: #000000\"><span style=\"font-family: DejaVu Sans, sans-serif\"><span style=\"font-size: small\"><i>Von Brigitte von Imhof <\/i><\/span><\/span><\/span><span style=\"color: #000000\"><span style=\"font-family: DejaVu Sans, sans-serif\"><span style=\"font-size: small\">(65<\/span><\/span><\/span><span style=\"color: #000000\"><span style=\"font-family: DejaVu Sans, sans-serif\"><span style=\"font-size: small\">66<\/span><\/span><\/span><span style=\"color: #000000\"><span style=\"font-family: DejaVu Sans, sans-serif\"><span style=\"font-size: small\"> Zeichen \u2013 Bilder: <\/span><\/span><\/span><span style=\"color: #000080\"><u><a href=\"http:\/\/www.srt-text.de\/\"><span style=\"color: #000000\"><span style=\"font-family: DejaVu Sans, sans-serif\"><span style=\"font-size: small\">www.srt-text.de<\/span><\/span><\/span><\/a><\/u><\/span><span style=\"color: #000000\"><span style=\"font-family: DejaVu Sans, sans-serif\"><span style=\"font-size: small\">)<\/span><\/span><\/span><\/p>\n<p class=\"western\" align=\"left\"><span style=\"font-family: DejaVu Sans, sans-serif\"><span style=\"font-size: small\"><b>Lettland: Wo die Gauja ihre Geschichten erz\u00e4hlt. <\/b><\/span><\/span><span style=\"font-family: DejaVu Sans, sans-serif\"><span style=\"font-size: small\">Wandern im Gauja-Nationalpark, lettische und europ\u00e4ische Geschichte erleben und der Legende der Rose Maija folgen \u2013 gerade im Herbst ist die Region zwischen Turaida und Sigulda ein perfektes Reiseziel f\u00fcr Kultur- und Aktivurlauber.<\/span><\/span><\/p>\n<p class=\"western\" align=\"left\"><i><\/i><span style=\"color: #000000\"><span style=\"font-family: DejaVu Sans, sans-serif\"><span style=\"font-size: small\"><i>Von Uwe Junker <\/i><\/span><\/span><\/span><span style=\"color: #000000\"><span style=\"font-family: DejaVu Sans, sans-serif\"><span style=\"font-size: small\">(597<\/span><\/span><\/span><span style=\"color: #000000\"><span style=\"font-family: DejaVu Sans, sans-serif\"><span style=\"font-size: small\">0<\/span><\/span><\/span><span style=\"color: #000000\"><span style=\"font-family: DejaVu Sans, sans-serif\"><span style=\"font-size: small\"> Zeichen plus Infoteil \u2013 Bilder: <\/span><\/span><\/span><span style=\"color: #000080\"><u><a href=\"http:\/\/www.srt-text.de\/\"><span style=\"color: #000000\"><span style=\"font-family: DejaVu Sans, sans-serif\"><span style=\"font-size: small\">www.srt-text.de<\/span><\/span><\/span><\/a><\/u><\/span><span style=\"color: #000000\"><span style=\"font-family: DejaVu Sans, sans-serif\"><span style=\"font-size: small\">)<\/span><\/span><\/span><\/p>\n<p class=\"western\" align=\"left\"><span style=\"font-family: DejaVu Sans, sans-serif\"><span style=\"font-size: small\"><b>Busreisen: Entspannt verreisen mit Chauffeur und 520 PS. <\/b><\/span><\/span><span style=\"font-family: DejaVu Sans, sans-serif\"><span style=\"font-size: small\">Reisen mit modernen Bussen sind bequem, gesellig und im Trend &#8211; Tipps f\u00fcr eine erholsame Fahrt<\/span><\/span><\/p>\n<p class=\"western\" align=\"left\"><i><\/i><span style=\"color: #000000\"><span style=\"font-family: DejaVu Sans, sans-serif\"><span style=\"font-size: small\"><i>Von Hans-Werner Rodrian <\/i><\/span><\/span><\/span><span style=\"color: #000000\"><span style=\"font-family: DejaVu Sans, sans-serif\"><span style=\"font-size: small\">(5<\/span><\/span><\/span><span style=\"color: #000000\"><span style=\"font-family: DejaVu Sans, sans-serif\"><span style=\"font-size: small\">790<\/span><\/span><\/span><span style=\"color: #000000\"><span style=\"font-family: DejaVu Sans, sans-serif\"><span style=\"font-size: small\"> Zeichen \u2013 Bilder: <\/span><\/span><\/span><span style=\"color: #000080\"><u><a href=\"http:\/\/www.srt-text.de\/\"><span style=\"color: #000000\"><span style=\"font-family: DejaVu Sans, sans-serif\"><span style=\"font-size: small\">www.srt-text.de<\/span><\/span><\/span><\/a><\/u><\/span><span style=\"color: #000000\"><span style=\"font-family: DejaVu Sans, sans-serif\"><span style=\"font-size: small\">)<\/span><\/span><\/span><\/p>\n<p class=\"western\" align=\"left\"><span style=\"font-family: DejaVu Sans, sans-serif\"><span style=\"font-size: small\"><b>Mit der eKutsche durch Leipzig: Ohne Pferde, aber mit Queen-Gef\u00fchl. <\/b><\/span><\/span><span style=\"font-family: DejaVu Sans, sans-serif\"><span style=\"font-size: small\">Joe Laubes Gef\u00e4hrt sorgt f\u00fcr Aufsehen, wenn er Urlauber durch die Leipziger Innenstadt, ins Umland oder auf den Spuren von Industriekultur und Musikgeschichte kutschiert<\/span><\/span><\/p>\n<p class=\"western\" align=\"left\"><i><\/i><span style=\"color: #000000\"><span style=\"font-family: DejaVu Sans, sans-serif\"><span style=\"font-size: small\"><i>Von Katrin Schreiter<\/i><\/span><\/span><\/span> <span style=\"color: #000000\"><span style=\"font-family: DejaVu Sans, sans-serif\"><span style=\"font-size: small\">(61<\/span><\/span><\/span><span style=\"color: #000000\"><span style=\"font-family: DejaVu Sans, sans-serif\"><span style=\"font-size: small\">15<\/span><\/span><\/span><span style=\"color: #000000\"><span style=\"font-family: DejaVu Sans, sans-serif\"><span style=\"font-size: small\"> Zeichen \u2013 Bilder: <\/span><\/span><\/span><span style=\"color: #000080\"><u><a href=\"http:\/\/www.srt-text.de\/\"><span style=\"color: #000000\"><span style=\"font-family: DejaVu Sans, sans-serif\"><span style=\"font-size: small\">www.srt-text.de<\/span><\/span><\/span><\/a><\/u><\/span><span style=\"color: #000000\"><span style=\"font-family: DejaVu Sans, sans-serif\"><span style=\"font-size: small\">)<\/span><\/span><\/span><\/p>\n<p class=\"western\" align=\"left\"><span style=\"font-family: DejaVu Sans, sans-serif\"><span style=\"font-size: small\"><b>Radeln in Apulien: Eine Runde im Salento. <\/b><\/span><\/span><span style=\"font-family: DejaVu Sans, sans-serif\"><span style=\"font-size: small\">Im Herbst wird es ruhig an den K\u00fcsten des Ionischen und Adriatischen Meeres, ideal f\u00fcr eine kleine Radreise durch die Region am Stiefelabsatz Italiens mit Stationen in Torre Mozza, Lecce, Copertino, Nardo und Gallipoli\u00a0<\/span><\/span><\/p>\n<p class=\"western\" align=\"left\"><i><\/i><span style=\"color: #000000\"><span style=\"font-family: DejaVu Sans, sans-serif\"><span style=\"font-size: small\"><i>Von Armin Herb <\/i><\/span><\/span><\/span><span style=\"color: #000000\"><span style=\"font-family: DejaVu Sans, sans-serif\"><span style=\"font-size: small\">(65<\/span><\/span><\/span><span style=\"color: #000000\"><span style=\"font-family: DejaVu Sans, sans-serif\"><span style=\"font-size: small\">28<\/span><\/span><\/span><span style=\"color: #000000\"><span style=\"font-family: DejaVu Sans, sans-serif\"><span style=\"font-size: small\"> Zeichen plus Infoteil \u2013 Bilder: <\/span><\/span><\/span><span style=\"color: #000080\"><u><a href=\"http:\/\/www.srt-text.de\/\"><span style=\"color: #000000\"><span style=\"font-family: DejaVu Sans, sans-serif\"><span style=\"font-size: small\">www.srt-text.de<\/span><\/span><\/span><\/a><\/u><\/span><span style=\"color: #000000\"><span style=\"font-family: DejaVu Sans, sans-serif\"><span style=\"font-size: small\">)<\/span><\/span><\/span><\/p>\n<p class=\"western\" align=\"left\"><span style=\"font-family: DejaVu Sans, sans-serif\"><span style=\"font-size: small\"><b>Naturerlebnis Kanada: In Manitobas Wildnis. <\/b><\/span><\/span><span style=\"font-family: DejaVu Sans, sans-serif\"><span style=\"font-size: small\">Seit Jahrtausenden leben First Nations in der Subarktis im hohen Norden Manitobas. Mitten in dieser unber\u00fchrten Natur liegt die Gangler\u00b4s Lodge. Wer Stille und Einsamkeit sucht, der findet sie beim Wandern und beim Angeln\u00a0<\/span><\/span><\/p>\n<p class=\"western\" align=\"left\"><i><\/i><span style=\"color: #000000\"><span style=\"font-family: DejaVu Sans, sans-serif\"><span style=\"font-size: small\"><i>Von Adrienne Friedlaender<\/i><\/span><\/span><\/span> <span style=\"color: #000000\"><span style=\"font-family: DejaVu Sans, sans-serif\"><span style=\"font-size: small\">(44<\/span><\/span><\/span><span style=\"color: #000000\"><span style=\"font-family: DejaVu Sans, sans-serif\"><span style=\"font-size: small\">26<\/span><\/span><\/span><span style=\"color: #000000\"><span style=\"font-family: DejaVu Sans, sans-serif\"><span style=\"font-size: small\"> Zeichen plus Infoteil \u2013 Bilder: <\/span><\/span><\/span><span style=\"color: #000080\"><u><a href=\"http:\/\/www.srt-text.de\/\"><span style=\"color: #000000\"><span style=\"font-family: DejaVu Sans, sans-serif\"><span style=\"font-size: small\">www.srt-text.de<\/span><\/span><\/span><\/a><\/u><\/span><span style=\"color: #000000\"><span style=\"font-family: DejaVu Sans, sans-serif\"><span style=\"font-size: small\">)<\/span><\/span><\/span><\/p>\n<p class=\"western\" align=\"left\"><span style=\"font-family: DejaVu Sans, sans-serif\"><span style=\"font-size: small\"><b>New York einmal anders: &#8222;Mana-Hatta&#8220; mit dem Rad erkunden. <\/b><\/span><\/span><span style=\"font-family: DejaVu Sans, sans-serif\"><span style=\"font-size: small\">Eine Tour mit dem Leihrad durch New York City spart Zeit, Geld und Nerven. Bequem geht es am Hudson River entlang, durch den Finanzdistrikt, zur Brooklyn Bridge, nach Chinatown und zum Times Square.<\/span><\/span><\/p>\n<p class=\"western\" align=\"left\"><i><\/i><span style=\"color: #000000\"><span style=\"font-family: DejaVu Sans, sans-serif\"><span style=\"font-size: small\"><i>Von Norbert Eisele-Hein <\/i><\/span><\/span><\/span><span style=\"color: #000000\"><span style=\"font-family: DejaVu Sans, sans-serif\"><span style=\"font-size: small\">(90<\/span><\/span><\/span><span style=\"color: #000000\"><span style=\"font-family: DejaVu Sans, sans-serif\"><span style=\"font-size: small\">79<\/span><\/span><\/span><span style=\"color: #000000\"><span style=\"font-family: DejaVu Sans, sans-serif\"><span style=\"font-size: small\"> Zeichen plus Infoteil \u2013 Bilder: <\/span><\/span><\/span><span style=\"color: #000080\"><u><a href=\"http:\/\/www.srt-text.de\/\"><span style=\"color: #000000\"><span style=\"font-family: DejaVu Sans, sans-serif\"><span style=\"font-size: small\">www.srt-text.de<\/span><\/span><\/span><\/a><\/u><\/span><span style=\"color: #000000\"><span style=\"font-family: DejaVu Sans, sans-serif\"><span style=\"font-size: small\">)<\/span><\/span><\/span><\/p>\n<p class=\"western\" align=\"left\"><span style=\"font-family: DejaVu Sans, sans-serif\"><span style=\"font-size: small\"><b>So weit die F\u00fc\u00dfe tragen: F\u00fcnf Tipps f\u00fcr Weitwandern im Herbst. <\/b><\/span><\/span><span style=\"font-family: DejaVu Sans, sans-serif\"><span style=\"font-size: small\">Von H\u00fctte zu H\u00fctte, von Gipfel zu Gipfel: Bei diesen f\u00fcnf mehrt\u00e4gigen Wandertouren vom oberbayerischen Pfaffenwinkel bis ins Gr\u00f6dnertal in S\u00fcdtirol kommen Trekkingfans und Genusswanderer gleicherma\u00dfen auf ihre Kosten<\/span><\/span><\/p>\n<p class=\"western\" align=\"left\"><i><\/i><span style=\"color: #000000\"><span style=\"font-family: DejaVu Sans, sans-serif\"><span style=\"font-size: small\"><i>Von Rudi Stallein <\/i><\/span><\/span><\/span><span style=\"color: #000000\"><span style=\"font-family: DejaVu Sans, sans-serif\"><span style=\"font-size: small\">(<\/span><\/span><\/span><span style=\"color: #000000\"><span style=\"font-family: DejaVu Sans, sans-serif\"><span style=\"font-size: small\">5982<\/span><\/span><\/span><span style=\"color: #000000\"><span style=\"font-family: DejaVu Sans, sans-serif\"><span style=\"font-size: small\"> Zeichen plus Infoteil \u2013 Bilder: <\/span><\/span><\/span><span style=\"color: #000080\"><u><a href=\"http:\/\/www.srt-text.de\/\"><span style=\"color: #000000\"><span style=\"font-family: DejaVu Sans, sans-serif\"><span style=\"font-size: small\">www.srt-text.de<\/span><\/span><\/span><\/a><\/u><\/span><span style=\"color: #000000\"><span style=\"font-family: DejaVu Sans, sans-serif\"><span style=\"font-size: small\">)<\/span><\/span><\/span><\/p>\n<p class=\"western\" align=\"left\"><span style=\"font-family: DejaVu Sans, sans-serif\"><span style=\"font-size: small\"><b>Die perfekte Mischung: Bikini und Wanderstiefel. <\/b><\/span><\/span><span style=\"font-family: DejaVu Sans, sans-serif\"><span style=\"font-size: small\">Die Kombi aus Wandergl\u00fcck und Badefreuden steht im Herbst bei vielen Urlaubern ganz oben auf der Wunschliste. Wir empfehlen sechs Ziele von der Algarve bis zur lykischen K\u00fcste<\/span><\/span><\/p>\n<p class=\"western\" align=\"left\"><i><\/i><span style=\"color: #000000\"><span style=\"font-family: DejaVu Sans, sans-serif\"><span style=\"font-size: small\"><i>Von Sabine Metzger <\/i><\/span><\/span><\/span><span style=\"color: #000000\"><span style=\"font-family: DejaVu Sans, sans-serif\"><span style=\"font-size: small\">(68<\/span><\/span><\/span><span style=\"color: #000000\"><span style=\"font-family: DejaVu Sans, sans-serif\"><span style=\"font-size: small\">07<\/span><\/span><\/span><span style=\"color: #000000\"><span style=\"font-family: DejaVu Sans, sans-serif\"><span style=\"font-size: small\"> Zeichen plus Infoteil \u2013 Bilder: <\/span><\/span><\/span><span style=\"color: #000080\"><u><a href=\"http:\/\/www.srt-text.de\/\"><span style=\"color: #000000\"><span style=\"font-family: DejaVu Sans, sans-serif\"><span style=\"font-size: small\">www.srt-text.de<\/span><\/span><\/span><\/a><\/u><\/span><span style=\"color: #000000\"><span style=\"font-family: DejaVu Sans, sans-serif\"><span style=\"font-size: small\">)<\/span><\/span><\/span><\/p>\n<p class=\"western\" align=\"left\"><span style=\"font-family: DejaVu Sans, sans-serif\"><span style=\"font-size: small\"><b>Mit dem Rad durch Slowenien: Durch Weinberge ans Meer. <\/b><\/span><\/span><span style=\"font-family: DejaVu Sans, sans-serif\"><span style=\"font-size: small\">Zwischen Weinreben \u00fcber H\u00fcgelr\u00fccken kurven, der smaragdgr\u00fcn schimmernden So\u010da folgen, durch den einsamen Karst zum Lipizzanergest\u00fct radeln und schlie\u00dflich in Piran ankommen, an der gerade mal 46 Kilometer langen Mittelmeerk\u00fcste Sloweniens\u00a0<\/span><\/span><\/p>\n<p class=\"western\" align=\"left\"><i><\/i><span style=\"color: #000000\"><span style=\"font-family: DejaVu Sans, sans-serif\"><span style=\"font-size: small\"><i>Von Norbert Eisele-Hein <\/i><\/span><\/span><\/span><span style=\"color: #000000\"><span style=\"font-family: DejaVu Sans, sans-serif\"><span style=\"font-size: small\">(628<\/span><\/span><\/span><span style=\"color: #000000\"><span style=\"font-family: DejaVu Sans, sans-serif\"><span style=\"font-size: small\">3<\/span><\/span><\/span><span style=\"color: #000000\"><span style=\"font-family: DejaVu Sans, sans-serif\"><span style=\"font-size: small\"> Zeichen plus Infoteil \u2013 Bilder: <\/span><\/span><\/span><span style=\"color: #000080\"><u><a href=\"http:\/\/www.srt-text.de\/\"><span style=\"color: #000000\"><span style=\"font-family: DejaVu Sans, sans-serif\"><span style=\"font-size: small\">www.srt-text.de<\/span><\/span><\/span><\/a><\/u><\/span><span style=\"color: #000000\"><span style=\"font-family: DejaVu Sans, sans-serif\"><span style=\"font-size: small\">)<\/span><\/span><\/span><\/p>\n<p class=\"western\" align=\"left\"><span style=\"font-family: DejaVu Sans, sans-serif\"><span style=\"font-size: small\"><b>Wo Europa einkauft: Die sch\u00f6nsten Markthallen f\u00fcr alle Sinne. <\/b><\/span><\/span><span style=\"font-family: DejaVu Sans, sans-serif\"><span style=\"font-size: small\">Historisch, manchmal in die Jahre gekommen, aber immer authentisch \u2013 in Europas sch\u00f6nsten Markthallen begegnen sich H\u00e4ndler, Hausfrauen, Restaurantk\u00f6che und Touristen. Sechs Einkaufstipps von G\u00f6teborg bis Budapest<\/span><\/span><\/p>\n<p class=\"western\" align=\"left\"><i><\/i><span style=\"color: #000000\"><span style=\"font-family: DejaVu Sans, sans-serif\"><span style=\"font-size: small\"><i>Von Sandra Ehegartner<\/i><\/span><\/span><\/span> <span style=\"color: #000000\"><span style=\"font-family: DejaVu Sans, sans-serif\"><span style=\"font-size: small\">(90<\/span><\/span><\/span><span style=\"color: #000000\"><span style=\"font-family: DejaVu Sans, sans-serif\"><span style=\"font-size: small\">6<\/span><\/span><\/span><span style=\"color: #000000\"><span style=\"font-family: DejaVu Sans, sans-serif\"><span style=\"font-size: small\">3 Zeichen plus Infoteil \u2013 Bilder: <\/span><\/span><\/span><span style=\"color: #000080\"><u><a href=\"http:\/\/www.srt-text.de\/\"><span style=\"color: #000000\"><span style=\"font-family: DejaVu Sans, sans-serif\"><span style=\"font-size: small\">www.srt-text.de<\/span><\/span><\/span><\/a><\/u><\/span><span style=\"color: #000000\"><span style=\"font-family: DejaVu Sans, sans-serif\"><span style=\"font-size: small\">)<\/span><\/span><\/span><\/p>\n<p class=\"western\" align=\"center\"><span style=\"font-family: DejaVu Sans, sans-serif\"><span style=\"font-size: small\"><b>KURZ GEMELDET<\/b><\/span><\/span><\/p>\n<p class=\"western\" align=\"left\"><span style=\"font-family: DejaVu Sans, sans-serif\"><span style=\"font-size: small\">Panama: Weniger Schiffsverkehr auf dem Kanal\u00a0<\/span><\/span><\/p>\n<p class=\"western\" align=\"left\"><span style=\"font-family: DejaVu Sans, sans-serif\"><span style=\"font-size: small\">Peru: Feinschmecker-Festival in Lima<\/span><\/span><\/p>\n<p class=\"western\" align=\"left\"><span style=\"font-family: DejaVu Sans, sans-serif\"><span style=\"font-size: small\">Malediven: Mit Luxus Naturschutz f\u00f6rdern<\/span><\/span><\/p>\n<p class=\"western\" align=\"left\"><span style=\"font-family: DejaVu Sans, sans-serif\"><span style=\"font-size: small\">Spanien: Auf gr\u00fcnen Wegen das Land entdecken<\/span><\/span><\/p>\n<p class=\"western\" align=\"left\"><span style=\"font-family: DejaVu Sans, sans-serif\"><span style=\"font-size: small\">Garda Trentino: Rock Master in Arco feiert Jubil\u00e4um<\/span><\/span><\/p>\n<p class=\"western\" align=\"left\"><span style=\"font-family: DejaVu Sans, sans-serif\"><span style=\"font-size: small\">S\u00fcdtirol: Brot backen im autofreien Bergdorf Aschbach<\/span><\/span><\/p>\n<p class=\"western\" align=\"left\"><span style=\"font-family: DejaVu Sans, sans-serif\"><span style=\"font-size: small\">Tirol: Erster schwimmender Kletterpark<\/span><\/span><\/p>\n<p class=\"western\" align=\"left\"><span style=\"font-family: DejaVu Sans, sans-serif\"><span style=\"font-size: small\">Bregenzerwald: Ermunterung zur Pause<\/span><\/span><\/p>\n<p class=\"western\" align=\"left\"><span style=\"font-family: DejaVu Sans, sans-serif\"><span style=\"font-size: small\">Konstanz: Das Konzil als Rundum-Erlebnis (Bild)<\/span><\/span><\/p>\n<p class=\"western\" align=\"left\"><span style=\"font-family: DejaVu Sans, sans-serif\"><span style=\"font-size: small\">DAV: Schwendaktionen der Bergsteigerd\u00f6rfer\u00a0<\/span><\/span><\/p>\n<p class=\"western\" align=\"center\"><span style=\"font-family: DejaVu Sans, sans-serif\"><span style=\"font-size: small\"><b>BUCHBESPRECHUNG<\/b><\/span><\/span><\/p>\n<p class=\"western\" align=\"left\"><span style=\"font-family: DejaVu Sans, sans-serif\"><span style=\"font-size: small\"><b>Wochenend\u2018 und Wanderlust.<\/b><\/span><\/span> <span style=\"font-family: DejaVu Sans, sans-serif\"><span style=\"font-size: small\">DuMont stellt in \u201eWanderzeit in Deutschland\u201c 18 entspannte Wander-Wochenenden zwischen S\u00e4chsischer Schweiz und Schwarzwald, Ostharz und Allg\u00e4u vor\u00a0<\/span><\/span><\/p>\n<p class=\"western\" align=\"left\"><i><\/i><span style=\"color: #000000\"><span style=\"font-family: DejaVu Sans, sans-serif\"><span style=\"font-size: small\"><i>Von Lilo Solcher<\/i><\/span><\/span><\/span> <span style=\"color: #000000\"><span style=\"font-family: DejaVu Sans, sans-serif\"><span style=\"font-size: small\">(20<\/span><\/span><\/span><span style=\"color: #000000\"><span style=\"font-family: DejaVu Sans, sans-serif\"><span style=\"font-size: small\">31<\/span><\/span><\/span><span style=\"color: #000000\"><span style=\"font-family: DejaVu Sans, sans-serif\"><span style=\"font-size: small\"> Zeichen \u2013 Buchcover:<\/span><\/span><\/span><a href=\"http:\/\/www.srt-text.de\/\"><u> <\/u><span style=\"color: #000080\"><u><span style=\"color: #000000\"><span style=\"font-family: DejaVu Sans, sans-serif\"><span style=\"font-size: small\">www.srt-text.de<\/span><\/span><\/span><\/u><\/span><\/a><span style=\"color: #000000\"><span style=\"font-family: DejaVu Sans, sans-serif\"><span style=\"font-size: small\">)<\/span><\/span><\/span><\/p>\n<p class=\"western\" align=\"left\"><span style=\"font-family: DejaVu Sans, sans-serif\"><span style=\"font-size: small\"><i>Textredakteurin dieser Woche war Sibylle v. Kamptz, Co-Redakteurin Heidrun Braun.<\/i><\/span><\/span><\/p>\n","protected":false},"excerpt":{"rendered":"<p>400 Jahre Reeperbahn: Von den Reepschl\u00e4gern zur Am\u00fcsiermeile. Den 400. Geburtstag feiert Hamburgs \u201es\u00fcndige Meile\u201c mit einem Festival. Mitte September dreht sich alles um Musik, Vielfalt, Toleranz und Multikulti. Eine Zeitreise in die Geschichte St. Paulis und zu den Anf\u00e4ngen der Beatles\u00a0 Von Lilo Solcher (5965 Zeichen plus Infoteil \u2013<a href=\"https:\/\/www.srt-partner.de\/index.php\/kw-36-versendet-am-31-08-2026\/\" class=\"read-more\">Read More&#8230;<\/a><\/p>\n","protected":false},"author":7,"featured_media":0,"comment_status":"closed","ping_status":"closed","sticky":false,"template":"","format":"standard","meta":{"footnotes":""},"categories":[12],"tags":[],"class_list":["post-3574","post","type-post","status-publish","format-standard","hentry","category-texte"],"aioseo_notices":[],"aioseo_head":"\n\t\t<!-- All in One SEO 5.0.1.1 - aioseo.com -->\n\t<meta name=\"description\" content=\"400 Jahre Reeperbahn: Von den Reepschl\u00e4gern zur Am\u00fcsiermeile. Den 400. Geburtstag feiert Hamburgs \u201es\u00fcndige Meile\u201c mit einem Festival. Mitte September dreht sich alles um Musik, Vielfalt, Toleranz und Multikulti. Eine Zeitreise in die Geschichte St. Paulis und zu den Anf\u00e4ngen der Beatles Von Lilo Solcher (5965 Zeichen plus Infoteil \u2013 Bilder: www.srt-text.de) S\u00fcdtiroler Eisacktal: Wo\" \/>\n\t<meta name=\"robots\" content=\"max-image-preview:large\" \/>\n\t<meta name=\"author\" content=\"texte\"\/>\n\t<link rel=\"canonical\" href=\"https:\/\/www.srt-partner.de\/index.php\/kw-36-versendet-am-31-08-2026\/\" \/>\n\t<meta name=\"generator\" content=\"All in One SEO (AIOSEO) 5.0.1.1\" \/>\n\t\t<meta property=\"og:locale\" content=\"de_DE\" \/>\n\t\t<meta property=\"og:site_name\" content=\"SRT Partner | Hier erfahren Sie alles \u00fcber die SRT Journalisten-Partnerschaft\" \/>\n\t\t<meta property=\"og:type\" content=\"article\" \/>\n\t\t<meta property=\"og:title\" content=\"KW 36, versendet am 31.08.2026 | SRT Partner\" \/>\n\t\t<meta property=\"og:description\" content=\"400 Jahre Reeperbahn: Von den Reepschl\u00e4gern zur Am\u00fcsiermeile. Den 400. Geburtstag feiert Hamburgs \u201es\u00fcndige Meile\u201c mit einem Festival. Mitte September dreht sich alles um Musik, Vielfalt, Toleranz und Multikulti. Eine Zeitreise in die Geschichte St. Paulis und zu den Anf\u00e4ngen der Beatles Von Lilo Solcher (5965 Zeichen plus Infoteil \u2013 Bilder: www.srt-text.de) S\u00fcdtiroler Eisacktal: Wo\" \/>\n\t\t<meta property=\"og:url\" content=\"https:\/\/www.srt-partner.de\/index.php\/kw-36-versendet-am-31-08-2026\/\" \/>\n\t\t<meta property=\"article:published_time\" content=\"2026-08-31T09:07:04+00:00\" \/>\n\t\t<meta property=\"article:modified_time\" content=\"2026-08-31T09:07:04+00:00\" \/>\n\t\t<meta name=\"twitter:card\" content=\"summary\" \/>\n\t\t<meta name=\"twitter:title\" content=\"KW 36, versendet am 31.08.2026 | SRT Partner\" \/>\n\t\t<meta name=\"twitter:description\" content=\"400 Jahre Reeperbahn: Von den Reepschl\u00e4gern zur Am\u00fcsiermeile. Den 400. Geburtstag feiert Hamburgs \u201es\u00fcndige Meile\u201c mit einem Festival. Mitte September dreht sich alles um Musik, Vielfalt, Toleranz und Multikulti. Eine Zeitreise in die Geschichte St. Paulis und zu den Anf\u00e4ngen der Beatles Von Lilo Solcher (5965 Zeichen plus Infoteil \u2013 Bilder: www.srt-text.de) S\u00fcdtiroler Eisacktal: Wo\" \/>\n\t\t<script type=\"application\/ld+json\" class=\"aioseo-schema\">\n\t\t\t{\"@context\":\"https:\\\/\\\/schema.org\",\"@graph\":[{\"@type\":\"Article\",\"@id\":\"https:\\\/\\\/www.srt-partner.de\\\/index.php\\\/kw-36-versendet-am-31-08-2026\\\/#article\",\"name\":\"KW 36, versendet am 31.08.2026 | SRT Partner\",\"headline\":\"KW 36, versendet am 31.08.2026\",\"author\":{\"@id\":\"https:\\\/\\\/www.srt-partner.de\\\/index.php\\\/author\\\/texte\\\/#author\"},\"publisher\":{\"@id\":\"https:\\\/\\\/www.srt-partner.de\\\/#organization\"},\"datePublished\":\"2026-08-31T09:07:04+00:00\",\"dateModified\":\"2026-08-31T09:07:04+00:00\",\"inLanguage\":\"de-DE\",\"mainEntityOfPage\":{\"@id\":\"https:\\\/\\\/www.srt-partner.de\\\/index.php\\\/kw-36-versendet-am-31-08-2026\\\/#webpage\"},\"isPartOf\":{\"@id\":\"https:\\\/\\\/www.srt-partner.de\\\/index.php\\\/kw-36-versendet-am-31-08-2026\\\/#webpage\"},\"articleSection\":\"texte\"},{\"@type\":\"BreadcrumbList\",\"@id\":\"https:\\\/\\\/www.srt-partner.de\\\/index.php\\\/kw-36-versendet-am-31-08-2026\\\/#breadcrumblist\",\"itemListElement\":[{\"@type\":\"ListItem\",\"@id\":\"https:\\\/\\\/www.srt-partner.de#listItem\",\"position\":1,\"name\":\"Home\",\"item\":\"https:\\\/\\\/www.srt-partner.de\",\"nextItem\":{\"@type\":\"ListItem\",\"@id\":\"https:\\\/\\\/www.srt-partner.de\\\/index.php\\\/category\\\/texte\\\/#listItem\",\"name\":\"texte\"}},{\"@type\":\"ListItem\",\"@id\":\"https:\\\/\\\/www.srt-partner.de\\\/index.php\\\/category\\\/texte\\\/#listItem\",\"position\":2,\"name\":\"texte\",\"item\":\"https:\\\/\\\/www.srt-partner.de\\\/index.php\\\/category\\\/texte\\\/\",\"nextItem\":{\"@type\":\"ListItem\",\"@id\":\"https:\\\/\\\/www.srt-partner.de\\\/index.php\\\/kw-36-versendet-am-31-08-2026\\\/#listItem\",\"name\":\"KW 36, versendet am 31.08.2026\"},\"previousItem\":{\"@type\":\"ListItem\",\"@id\":\"https:\\\/\\\/www.srt-partner.de#listItem\",\"name\":\"Home\"}},{\"@type\":\"ListItem\",\"@id\":\"https:\\\/\\\/www.srt-partner.de\\\/index.php\\\/kw-36-versendet-am-31-08-2026\\\/#listItem\",\"position\":3,\"name\":\"KW 36, versendet am 31.08.2026\",\"previousItem\":{\"@type\":\"ListItem\",\"@id\":\"https:\\\/\\\/www.srt-partner.de\\\/index.php\\\/category\\\/texte\\\/#listItem\",\"name\":\"texte\"}}]},{\"@type\":\"Organization\",\"@id\":\"https:\\\/\\\/www.srt-partner.de\\\/#organization\",\"name\":\"SRT Partner\",\"description\":\"Hier erfahren Sie alles \\u00fcber die SRT Journalisten-Partnerschaft\",\"url\":\"https:\\\/\\\/www.srt-partner.de\\\/\"},{\"@type\":\"Person\",\"@id\":\"https:\\\/\\\/www.srt-partner.de\\\/index.php\\\/author\\\/texte\\\/#author\",\"url\":\"https:\\\/\\\/www.srt-partner.de\\\/index.php\\\/author\\\/texte\\\/\",\"name\":\"texte\"},{\"@type\":\"WebPage\",\"@id\":\"https:\\\/\\\/www.srt-partner.de\\\/index.php\\\/kw-36-versendet-am-31-08-2026\\\/#webpage\",\"url\":\"https:\\\/\\\/www.srt-partner.de\\\/index.php\\\/kw-36-versendet-am-31-08-2026\\\/\",\"name\":\"KW 36, versendet am 31.08.2026 | SRT Partner\",\"description\":\"400 Jahre Reeperbahn: Von den Reepschl\\u00e4gern zur Am\\u00fcsiermeile. Den 400. Geburtstag feiert Hamburgs \\u201es\\u00fcndige Meile\\u201c mit einem Festival. Mitte September dreht sich alles um Musik, Vielfalt, Toleranz und Multikulti. Eine Zeitreise in die Geschichte St. Paulis und zu den Anf\\u00e4ngen der Beatles Von Lilo Solcher (5965 Zeichen plus Infoteil \\u2013 Bilder: www.srt-text.de) S\\u00fcdtiroler Eisacktal: Wo\",\"inLanguage\":\"de-DE\",\"isPartOf\":{\"@id\":\"https:\\\/\\\/www.srt-partner.de\\\/#website\"},\"breadcrumb\":{\"@id\":\"https:\\\/\\\/www.srt-partner.de\\\/index.php\\\/kw-36-versendet-am-31-08-2026\\\/#breadcrumblist\"},\"author\":{\"@id\":\"https:\\\/\\\/www.srt-partner.de\\\/index.php\\\/author\\\/texte\\\/#author\"},\"creator\":{\"@id\":\"https:\\\/\\\/www.srt-partner.de\\\/index.php\\\/author\\\/texte\\\/#author\"},\"datePublished\":\"2026-08-31T09:07:04+00:00\",\"dateModified\":\"2026-08-31T09:07:04+00:00\"},{\"@type\":\"WebSite\",\"@id\":\"https:\\\/\\\/www.srt-partner.de\\\/#website\",\"url\":\"https:\\\/\\\/www.srt-partner.de\\\/\",\"name\":\"SRT Partner\",\"description\":\"Hier erfahren Sie alles \\u00fcber die SRT Journalisten-Partnerschaft\",\"inLanguage\":\"de-DE\",\"publisher\":{\"@id\":\"https:\\\/\\\/www.srt-partner.de\\\/#organization\"}}]}\n\t\t<\/script>\n\t\t<!-- All in One SEO -->\n\n","aioseo_head_json":{"title":"KW 36, versendet am 31.08.2026 | SRT Partner","description":"400 Jahre Reeperbahn: Von den Reepschl\u00e4gern zur Am\u00fcsiermeile. Den 400. Geburtstag feiert Hamburgs \u201es\u00fcndige Meile\u201c mit einem Festival. Mitte September dreht sich alles um Musik, Vielfalt, Toleranz und Multikulti. Eine Zeitreise in die Geschichte St. Paulis und zu den Anf\u00e4ngen der Beatles Von Lilo Solcher (5965 Zeichen plus Infoteil \u2013 Bilder: www.srt-text.de) S\u00fcdtiroler Eisacktal: Wo","canonical_url":"https:\/\/www.srt-partner.de\/index.php\/kw-36-versendet-am-31-08-2026\/","robots":"max-image-preview:large","keywords":"","webmasterTools":{"miscellaneous":""},"schema":{"@context":"https:\/\/schema.org","@graph":[{"@type":"Article","@id":"https:\/\/www.srt-partner.de\/index.php\/kw-36-versendet-am-31-08-2026\/#article","name":"KW 36, versendet am 31.08.2026 | SRT Partner","headline":"KW 36, versendet am 31.08.2026","author":{"@id":"https:\/\/www.srt-partner.de\/index.php\/author\/texte\/#author"},"publisher":{"@id":"https:\/\/www.srt-partner.de\/#organization"},"datePublished":"2026-08-31T09:07:04+00:00","dateModified":"2026-08-31T09:07:04+00:00","inLanguage":"de-DE","mainEntityOfPage":{"@id":"https:\/\/www.srt-partner.de\/index.php\/kw-36-versendet-am-31-08-2026\/#webpage"},"isPartOf":{"@id":"https:\/\/www.srt-partner.de\/index.php\/kw-36-versendet-am-31-08-2026\/#webpage"},"articleSection":"texte"},{"@type":"BreadcrumbList","@id":"https:\/\/www.srt-partner.de\/index.php\/kw-36-versendet-am-31-08-2026\/#breadcrumblist","itemListElement":[{"@type":"ListItem","@id":"https:\/\/www.srt-partner.de#listItem","position":1,"name":"Home","item":"https:\/\/www.srt-partner.de","nextItem":{"@type":"ListItem","@id":"https:\/\/www.srt-partner.de\/index.php\/category\/texte\/#listItem","name":"texte"}},{"@type":"ListItem","@id":"https:\/\/www.srt-partner.de\/index.php\/category\/texte\/#listItem","position":2,"name":"texte","item":"https:\/\/www.srt-partner.de\/index.php\/category\/texte\/","nextItem":{"@type":"ListItem","@id":"https:\/\/www.srt-partner.de\/index.php\/kw-36-versendet-am-31-08-2026\/#listItem","name":"KW 36, versendet am 31.08.2026"},"previousItem":{"@type":"ListItem","@id":"https:\/\/www.srt-partner.de#listItem","name":"Home"}},{"@type":"ListItem","@id":"https:\/\/www.srt-partner.de\/index.php\/kw-36-versendet-am-31-08-2026\/#listItem","position":3,"name":"KW 36, versendet am 31.08.2026","previousItem":{"@type":"ListItem","@id":"https:\/\/www.srt-partner.de\/index.php\/category\/texte\/#listItem","name":"texte"}}]},{"@type":"Organization","@id":"https:\/\/www.srt-partner.de\/#organization","name":"SRT Partner","description":"Hier erfahren Sie alles \u00fcber die SRT Journalisten-Partnerschaft","url":"https:\/\/www.srt-partner.de\/"},{"@type":"Person","@id":"https:\/\/www.srt-partner.de\/index.php\/author\/texte\/#author","url":"https:\/\/www.srt-partner.de\/index.php\/author\/texte\/","name":"texte"},{"@type":"WebPage","@id":"https:\/\/www.srt-partner.de\/index.php\/kw-36-versendet-am-31-08-2026\/#webpage","url":"https:\/\/www.srt-partner.de\/index.php\/kw-36-versendet-am-31-08-2026\/","name":"KW 36, versendet am 31.08.2026 | SRT Partner","description":"400 Jahre Reeperbahn: Von den Reepschl\u00e4gern zur Am\u00fcsiermeile. Den 400. Geburtstag feiert Hamburgs \u201es\u00fcndige Meile\u201c mit einem Festival. Mitte September dreht sich alles um Musik, Vielfalt, Toleranz und Multikulti. Eine Zeitreise in die Geschichte St. Paulis und zu den Anf\u00e4ngen der Beatles Von Lilo Solcher (5965 Zeichen plus Infoteil \u2013 Bilder: www.srt-text.de) S\u00fcdtiroler Eisacktal: Wo","inLanguage":"de-DE","isPartOf":{"@id":"https:\/\/www.srt-partner.de\/#website"},"breadcrumb":{"@id":"https:\/\/www.srt-partner.de\/index.php\/kw-36-versendet-am-31-08-2026\/#breadcrumblist"},"author":{"@id":"https:\/\/www.srt-partner.de\/index.php\/author\/texte\/#author"},"creator":{"@id":"https:\/\/www.srt-partner.de\/index.php\/author\/texte\/#author"},"datePublished":"2026-08-31T09:07:04+00:00","dateModified":"2026-08-31T09:07:04+00:00"},{"@type":"WebSite","@id":"https:\/\/www.srt-partner.de\/#website","url":"https:\/\/www.srt-partner.de\/","name":"SRT Partner","description":"Hier erfahren Sie alles \u00fcber die SRT Journalisten-Partnerschaft","inLanguage":"de-DE","publisher":{"@id":"https:\/\/www.srt-partner.de\/#organization"}}]},"og:locale":"de_DE","og:site_name":"SRT Partner | Hier erfahren Sie alles \u00fcber die SRT Journalisten-Partnerschaft","og:type":"article","og:title":"KW 36, versendet am 31.08.2026 | SRT Partner","og:description":"400 Jahre Reeperbahn: Von den Reepschl\u00e4gern zur Am\u00fcsiermeile. Den 400. Geburtstag feiert Hamburgs \u201es\u00fcndige Meile\u201c mit einem Festival. Mitte September dreht sich alles um Musik, Vielfalt, Toleranz und Multikulti. Eine Zeitreise in die Geschichte St. Paulis und zu den Anf\u00e4ngen der Beatles Von Lilo Solcher (5965 Zeichen plus Infoteil \u2013 Bilder: www.srt-text.de) S\u00fcdtiroler Eisacktal: Wo","og:url":"https:\/\/www.srt-partner.de\/index.php\/kw-36-versendet-am-31-08-2026\/","article:published_time":"2026-08-31T09:07:04+00:00","article:modified_time":"2026-08-31T09:07:04+00:00","twitter:card":"summary","twitter:title":"KW 36, versendet am 31.08.2026 | SRT Partner","twitter:description":"400 Jahre Reeperbahn: Von den Reepschl\u00e4gern zur Am\u00fcsiermeile. Den 400. Geburtstag feiert Hamburgs \u201es\u00fcndige Meile\u201c mit einem Festival. Mitte September dreht sich alles um Musik, Vielfalt, Toleranz und Multikulti. Eine Zeitreise in die Geschichte St. Paulis und zu den Anf\u00e4ngen der Beatles Von Lilo Solcher (5965 Zeichen plus Infoteil \u2013 Bilder: www.srt-text.de) S\u00fcdtiroler Eisacktal: Wo"},"aioseo_meta_data":{"post_id":"3574","title":null,"description":null,"keywords":null,"keyphrases":{"focus":{"keyphrase":"","score":0,"analysis":{"keyphraseInTitle":{"score":0,"maxScore":9,"error":1}}},"additional":[]},"primary_term":null,"canonical_url":null,"og_title":null,"og_description":null,"og_object_type":"default","og_image_type":"default","og_image_url":null,"og_image_width":null,"og_image_height":null,"og_image_custom_url":null,"og_image_custom_fields":null,"og_video":"","og_custom_url":null,"og_article_section":null,"og_article_tags":null,"twitter_use_og":false,"twitter_card":"default","twitter_image_type":"default","twitter_image_url":null,"twitter_image_custom_url":null,"twitter_image_custom_fields":null,"twitter_title":null,"twitter_description":null,"schema":{"blockGraphs":[],"customGraphs":[],"default":{"data":{"Article":[],"Course":[],"Dataset":[],"FAQPage":[],"Movie":[],"Person":[],"Product":[],"ProductReview":[],"Car":[],"Recipe":[],"Service":[],"SoftwareApplication":[],"WebPage":[]},"graphName":"Article","isEnabled":true},"graphs":[]},"schema_type":"default","schema_type_options":null,"pillar_content":false,"robots_default":true,"robots_noindex":false,"robots_noarchive":false,"robots_nosnippet":false,"robots_nofollow":false,"robots_noimageindex":false,"robots_noodp":false,"robots_notranslate":false,"robots_max_snippet":"-1","robots_max_videopreview":"-1","robots_max_imagepreview":"large","priority":null,"frequency":"default","local_seo":null,"breadcrumb_settings":null,"limit_modified_date":false,"ai":{"faqs":[],"keyPoints":[],"schemas":[],"titles":[],"descriptions":[],"socialPosts":{"email":{"subject":"","preview":"","content":""},"linkedin":[],"twitter":[],"facebook":[],"instagram":[]}},"created":"2026-08-31 09:06:25","updated":"2026-08-31 23:30:43","seo_analyzer_scan_date":null,"focus_keyword":null,"additional_keywords":null,"truseo_locale":null},"aioseo_breadcrumb":"<div class=\"aioseo-breadcrumbs\"><span class=\"aioseo-breadcrumb\">\n\t\t\t<a href=\"https:\/\/www.srt-partner.de\" title=\"Home\">Home<\/a>\n\t\t<\/span><span class=\"aioseo-breadcrumb-separator\">&raquo;<\/span><span class=\"aioseo-breadcrumb\">\n\t\t\t<a href=\"https:\/\/www.srt-partner.de\/index.php\/category\/texte\/\" title=\"texte\">texte<\/a>\n\t\t<\/span><span class=\"aioseo-breadcrumb-separator\">&raquo;<\/span><span class=\"aioseo-breadcrumb\">\n\t\t\tKW 36, versendet am 31.08.2026\n\t\t<\/span><\/div>","aioseo_breadcrumb_json":[{"label":"Home","link":"https:\/\/www.srt-partner.de"},{"label":"texte","link":"https:\/\/www.srt-partner.de\/index.php\/category\/texte\/"},{"label":"KW 36, versendet am 31.08.2026","link":"https:\/\/www.srt-partner.de\/index.php\/kw-36-versendet-am-31-08-2026\/"}],"_links":{"self":[{"href":"https:\/\/www.srt-partner.de\/index.php\/wp-json\/wp\/v2\/posts\/3574","targetHints":{"allow":["GET"]}}],"collection":[{"href":"https:\/\/www.srt-partner.de\/index.php\/wp-json\/wp\/v2\/posts"}],"about":[{"href":"https:\/\/www.srt-partner.de\/index.php\/wp-json\/wp\/v2\/types\/post"}],"author":[{"embeddable":true,"href":"https:\/\/www.srt-partner.de\/index.php\/wp-json\/wp\/v2\/users\/7"}],"replies":[{"embeddable":true,"href":"https:\/\/www.srt-partner.de\/index.php\/wp-json\/wp\/v2\/comments?post=3574"}],"version-history":[{"count":1,"href":"https:\/\/www.srt-partner.de\/index.php\/wp-json\/wp\/v2\/posts\/3574\/revisions"}],"predecessor-version":[{"id":3575,"href":"https:\/\/www.srt-partner.de\/index.php\/wp-json\/wp\/v2\/posts\/3574\/revisions\/3575"}],"wp:attachment":[{"href":"https:\/\/www.srt-partner.de\/index.php\/wp-json\/wp\/v2\/media?parent=3574"}],"wp:term":[{"taxonomy":"category","embeddable":true,"href":"https:\/\/www.srt-partner.de\/index.php\/wp-json\/wp\/v2\/categories?post=3574"},{"taxonomy":"post_tag","embeddable":true,"href":"https:\/\/www.srt-partner.de\/index.php\/wp-json\/wp\/v2\/tags?post=3574"}],"curies":[{"name":"wp","href":"https:\/\/api.w.org\/{rel}","templated":true}]}}